{"id":3727,"date":"2019-08-03T09:52:23","date_gmt":"2019-08-03T12:52:23","guid":{"rendered":"http:\/\/dgospel.com.br\/portal\/?p=3727"},"modified":"2019-08-03T09:52:24","modified_gmt":"2019-08-03T12:52:24","slug":"siqueira-e-inspiracao-para-uma-geracao-afirma-prefeita-de-palmas","status":"publish","type":"post","link":"https:\/\/dgospel.com.br\/portal\/index.php\/2019\/08\/03\/siqueira-e-inspiracao-para-uma-geracao-afirma-prefeita-de-palmas\/","title":{"rendered":"Siqueira \u00e9 inspira\u00e7\u00e3o para uma gera\u00e7\u00e3o, afirma prefeita de Palmas"},"content":{"rendered":"\n<p>A prefeita de Palmas, Cinthia Ribeiro, prestigiou o culto ecum\u00eanico em homenagem aos 91 anos do senador Siqueira Campos. Durante a cerim\u00f4nia, na Pra\u00e7a dos Girass\u00f3is, a chefe do Executivo Municipal da Capital do Estado rendeu homenagens ao ex-governador do Tocantins. \u201cQue ele continue sendo uma inspira\u00e7\u00e3o para toda gera\u00e7\u00e3o\u201d, afirmou, em entrevista a \u00f3rg\u00e3os de imprensa antes do in\u00edcio da celebra\u00e7\u00e3o.<br><\/p>\n\n\n\n<p>Durante o culto, a gestora fez quest\u00e3o de homenagear o ex-governador ao subir ao palco e interpretar a Can\u00e7\u00e3o de Amor a Palmas, uma composi\u00e7\u00e3o de Braguinha Barroso e Neusinha Bahia. Ela disse que Siqueira \u00e9 um &#8220;grande exemplo de homem&#8221; e que &#8220;ousou sonhar o sonho de muitos brasileiros&#8221;.<\/p>\n\n\n\n<p>Al\u00e9m de Cinthia Ribeiro, lideran\u00e7as pol\u00edticas das mais variadas vertentes participaram do evento, ocorrido no cruzeiro da Pra\u00e7a dos Girass\u00f3is, um dos s\u00edmbolos hist\u00f3ricos da Capital que sediou a missa em a\u00e7\u00e3o de gra\u00e7as pelo lan\u00e7amento da pedra fundamental de Palmas, em 20 de maio de 1989. Um dos pontos altos da festa foi a presen\u00e7a do cantor e compositor Moacyr Franco, que fez um show especial em homenagem a Siqueira, seu colega de C\u00e2mara dos Deputados nos anos 80.<\/p>\n\n\n\n<p>Esta foi a segunda homenagem da prefeita Cinthia Ribeiro a Siqueira Campos nesta semana. Na ter\u00e7a-feira, dia 30, ela levou o ex-governador e sua esposa, Mariluce Uch\u00f4a Siqueira Campos, ao viveiro municipal onde foram cultivadas as mudas de girass\u00f3is que ornamentam rotat\u00f3rias de algumas das principais avenidas de Palmas. O girassol \u00e9 a flor escolhida por Siqueira como um dos s\u00edmbolos do Estado.<\/p>\n","protected":false},"excerpt":{"rendered":"<p>A prefeita de Palmas, Cinthia Ribeiro, prestigiou o culto ecum\u00eanico em homenagem aos 91 anos do senador Siqueira Campos. Durante a cerim\u00f4nia, na Pra\u00e7a dos Girass\u00f3is, a chefe do Executivo Municipal da Capital do Estado rendeu homenagens ao ex-governador do Tocantins. \u201cQue ele continue sendo uma inspira\u00e7\u00e3o para toda gera\u00e7\u00e3o\u201d, afirmou, em entrevista a \u00f3rg\u00e3os [&hellip;]<\/p>\n","protected":false},"author":2,"featured_media":3728,"comment_status":"open","ping_status":"open","sticky":false,"template":"","format":"standard","meta":[],"categories":[4],"tags":[],"_links":{"self":[{"href":"https:\/\/dgospel.com.br\/portal\/index.php\/wp-json\/wp\/v2\/posts\/3727"}],"collection":[{"href":"https:\/\/dgospel.com.br\/portal\/index.php\/wp-json\/wp\/v2\/posts"}],"about":[{"href":"https:\/\/dgospel.com.br\/portal\/index.php\/wp-json\/wp\/v2\/types\/post"}],"author":[{"embeddable":true,"href":"https:\/\/dgospel.com.br\/portal\/index.php\/wp-json\/wp\/v2\/users\/2"}],"replies":[{"embeddable":true,"href":"https:\/\/dgospel.com.br\/portal\/index.php\/wp-json\/wp\/v2\/comments?post=3727"}],"version-history":[{"count":1,"href":"https:\/\/dgospel.com.br\/portal\/index.php\/wp-json\/wp\/v2\/posts\/3727\/revisions"}],"predecessor-version":[{"id":3729,"href":"https:\/\/dgospel.com.br\/portal\/index.php\/wp-json\/wp\/v2\/posts\/3727\/revisions\/3729"}],"wp:featuredmedia":[{"embeddable":true,"href":"https:\/\/dgospel.com.br\/portal\/index.php\/wp-json\/wp\/v2\/media\/3728"}],"wp:attachment":[{"href":"https:\/\/dgospel.com.br\/portal\/index.php\/wp-json\/wp\/v2\/media?parent=3727"}],"wp:term":[{"taxonomy":"category","embeddable":true,"href":"https:\/\/dgospel.com.br\/portal\/index.php\/wp-json\/wp\/v2\/categories?post=3727"},{"taxonomy":"post_tag","embeddable":true,"href":"https:\/\/dgospel.com.br\/portal\/index.php\/wp-json\/wp\/v2\/tags?post=3727"}],"curies":[{"name":"wp","href":"https:\/\/api.w.org\/{rel}","templated":true}]}}