{"id":3730,"date":"2019-08-05T08:08:10","date_gmt":"2019-08-05T11:08:10","guid":{"rendered":"http:\/\/dgospel.com.br\/portal\/?p=3730"},"modified":"2019-08-05T08:08:13","modified_gmt":"2019-08-05T11:08:13","slug":"area-de-no-10-da-ciadseta-realiza-ii-congresso-de-senhoras-em-nazare-to","status":"publish","type":"post","link":"https:\/\/dgospel.com.br\/portal\/index.php\/2019\/08\/05\/area-de-no-10-da-ciadseta-realiza-ii-congresso-de-senhoras-em-nazare-to\/","title":{"rendered":"\u00c1rea de n\u00ba 10 da CIADSETA realiza  II Congresso de Senhoras  em Nazar\u00e9-TO"},"content":{"rendered":"\n<p>Com o tema \u00a0\u201cLevanta e Age\u201d, tendo como base, Isaias 32.9, a Igreja Assembleia de Deus \u2013 CIADSETA, por meio do departamento de senhoras da \u00e1rea de n\u00ba 10, promover\u00e1 o II CONSEADS \u2013 (Congresso de Senhoras das Assembleias de Deus do Seta da \u00c1rea 10) no m\u00eas de agosto de 2019. <\/p>\n\n\n\n<p><\/p>\n\n\n\n<figure class=\"wp-block-image\"><img loading=\"lazy\" width=\"1000\" height=\"1000\" src=\"http:\/\/dgospel.com.br\/portal\/wp-content\/uploads\/2019\/08\/cartaz-oficial-1.jpeg\" alt=\"\" class=\"wp-image-3732\" srcset=\"https:\/\/dgospel.com.br\/portal\/wp-content\/uploads\/2019\/08\/cartaz-oficial-1.jpeg 1000w, https:\/\/dgospel.com.br\/portal\/wp-content\/uploads\/2019\/08\/cartaz-oficial-1-150x150.jpeg 150w, https:\/\/dgospel.com.br\/portal\/wp-content\/uploads\/2019\/08\/cartaz-oficial-1-300x300.jpeg 300w, https:\/\/dgospel.com.br\/portal\/wp-content\/uploads\/2019\/08\/cartaz-oficial-1-768x768.jpeg 768w\" sizes=\"(max-width: 1000px) 100vw, 1000px\" \/><\/figure>\n\n\n\n<p>O\nevento ser\u00e1 realizado na cidade de Nazar\u00e9 \u2013 TO, nos dias <strong>17 e 18 de agosto<\/strong> com in\u00edcio <strong>\u00e0s\n19 horas<\/strong> na <strong>feira coberta<\/strong>, com\nparticipa\u00e7\u00e3o de todas as igrejas da \u00e1rea 10, a expectativa \u00e9 de reunir <strong>centenas de mulheres<\/strong> para adora\u00e7\u00e3o a\nDeus. <\/p>\n\n\n\n<p>J\u00e1\nconfirmaram presen\u00e7a para o congresso a cantora Flavia Soares de Paraiso do\nTocantins e a pregadora Ruth de Paula de Rio Maria \u2013 PA. <\/p>\n\n\n\n<p>A\npresidente do Congresso <strong>Mission\u00e1ria\nNancy de S\u00e1<\/strong> e toda equipe organizadora, j\u00e1 realizaram pr\u00e9 congressos nas\nigrejas da \u00e1rea, objetivando divulgar o evento e destacar a import\u00e2ncia para o\ncrescimento espiritual das igrejas. &nbsp;<\/p>\n","protected":false},"excerpt":{"rendered":"<p>Com o tema \u00a0\u201cLevanta e Age\u201d, tendo como base, Isaias 32.9, a Igreja Assembleia de Deus \u2013 CIADSETA, por meio do departamento de senhoras da \u00e1rea de n\u00ba 10, promover\u00e1 o II CONSEADS \u2013 (Congresso de Senhoras das Assembleias de Deus do Seta da \u00c1rea 10) no m\u00eas de agosto de 2019. O evento ser\u00e1 [&hellip;]<\/p>\n","protected":false},"author":2,"featured_media":3731,"comment_status":"open","ping_status":"open","sticky":false,"template":"","format":"standard","meta":[],"categories":[5],"tags":[],"_links":{"self":[{"href":"https:\/\/dgospel.com.br\/portal\/index.php\/wp-json\/wp\/v2\/posts\/3730"}],"collection":[{"href":"https:\/\/dgospel.com.br\/portal\/index.php\/wp-json\/wp\/v2\/posts"}],"about":[{"href":"https:\/\/dgospel.com.br\/portal\/index.php\/wp-json\/wp\/v2\/types\/post"}],"author":[{"embeddable":true,"href":"https:\/\/dgospel.com.br\/portal\/index.php\/wp-json\/wp\/v2\/users\/2"}],"replies":[{"embeddable":true,"href":"https:\/\/dgospel.com.br\/portal\/index.php\/wp-json\/wp\/v2\/comments?post=3730"}],"version-history":[{"count":1,"href":"https:\/\/dgospel.com.br\/portal\/index.php\/wp-json\/wp\/v2\/posts\/3730\/revisions"}],"predecessor-version":[{"id":3733,"href":"https:\/\/dgospel.com.br\/portal\/index.php\/wp-json\/wp\/v2\/posts\/3730\/revisions\/3733"}],"wp:featuredmedia":[{"embeddable":true,"href":"https:\/\/dgospel.com.br\/portal\/index.php\/wp-json\/wp\/v2\/media\/3731"}],"wp:attachment":[{"href":"https:\/\/dgospel.com.br\/portal\/index.php\/wp-json\/wp\/v2\/media?parent=3730"}],"wp:term":[{"taxonomy":"category","embeddable":true,"href":"https:\/\/dgospel.com.br\/portal\/index.php\/wp-json\/wp\/v2\/categories?post=3730"},{"taxonomy":"post_tag","embeddable":true,"href":"https:\/\/dgospel.com.br\/portal\/index.php\/wp-json\/wp\/v2\/tags?post=3730"}],"curies":[{"name":"wp","href":"https:\/\/api.w.org\/{rel}","templated":true}]}}