{"id":3736,"date":"2019-08-06T12:55:12","date_gmt":"2019-08-06T15:55:12","guid":{"rendered":"http:\/\/dgospel.com.br\/portal\/?p=3736"},"modified":"2019-08-06T12:55:15","modified_gmt":"2019-08-06T15:55:15","slug":"ventos-em-palmas-ultrapassam-70-km-h-nesta-terca-feira","status":"publish","type":"post","link":"https:\/\/dgospel.com.br\/portal\/index.php\/2019\/08\/06\/ventos-em-palmas-ultrapassam-70-km-h-nesta-terca-feira\/","title":{"rendered":"Ventos em Palmas ultrapassam 70 km\/h nesta ter\u00e7a-feira"},"content":{"rendered":"\n<p>Palmas amanheceu coberta de poeira e com ventos fortes nesta ter\u00e7a-feira, 6. A ventania come\u00e7ou durante a madrugada e os ventos chegaram a&nbsp;73,44 km\/h, segundo o meteorologista e professor doutor Jos\u00e9 Luiz Cabral, do N\u00facleo Estadual de Meteorologia e Recursos H\u00eddricos (Nemet\/RH) da Universidade Estadual do Tocantins (Unitins).<\/p>\n\n\n\n<p>De acordo com os dados do Nemet, os ventos est\u00e3o sendo intensificados por ventos advindos da costa brasileira e v\u00eam em altitude interagindo com as condi\u00e7\u00f5es topogr\u00e1ficas do local. \u201cEm Palmas, temos uma condi\u00e7\u00e3o topogr\u00e1fica que favorece a intensifica\u00e7\u00e3o dessas rajadas de vento. Temos uma regi\u00e3o de vale, com as Serras Gerais e Serra do Estrondo\u201d, explica Jos\u00e9 Luiz Cabral.<\/p>\n\n\n\n<p>Segundo o meteorologista, na esta\u00e7\u00e3o meteorol\u00f3gica, as rajadas de vento chegaram a 73,44 km\/h, mas \u00e9 bem prov\u00e1vel que em alguns locais de Palmas esses ventos tenham ultrapassado essa velocidade. O professor da Unitins lembra que a forte massa de ar quente e seco, um sistema de alta press\u00e3o que atua na regi\u00e3o central do pa\u00eds, associada com outros fen\u00f4menos meteorol\u00f3gicos na alta atmosfera contribuem para o aumento da velocidade do vento.<\/p>\n\n\n\n<p>Conforme os dados do N\u00facleo Estadual de Meteorologia e Recursos H\u00eddricos, a intensidade e velocidade do vento est\u00e1 dentro dos padr\u00f5es normais deste per\u00edodo do ano.<\/p>\n","protected":false},"excerpt":{"rendered":"<p>Palmas amanheceu coberta de poeira e com ventos fortes nesta ter\u00e7a-feira, 6. A ventania come\u00e7ou durante a madrugada e os ventos chegaram a&nbsp;73,44 km\/h, segundo o meteorologista e professor doutor Jos\u00e9 Luiz Cabral, do N\u00facleo Estadual de Meteorologia e Recursos H\u00eddricos (Nemet\/RH) da Universidade Estadual do Tocantins (Unitins). De acordo com os dados do Nemet, [&hellip;]<\/p>\n","protected":false},"author":2,"featured_media":3737,"comment_status":"open","ping_status":"open","sticky":false,"template":"","format":"standard","meta":[],"categories":[3],"tags":[],"_links":{"self":[{"href":"https:\/\/dgospel.com.br\/portal\/index.php\/wp-json\/wp\/v2\/posts\/3736"}],"collection":[{"href":"https:\/\/dgospel.com.br\/portal\/index.php\/wp-json\/wp\/v2\/posts"}],"about":[{"href":"https:\/\/dgospel.com.br\/portal\/index.php\/wp-json\/wp\/v2\/types\/post"}],"author":[{"embeddable":true,"href":"https:\/\/dgospel.com.br\/portal\/index.php\/wp-json\/wp\/v2\/users\/2"}],"replies":[{"embeddable":true,"href":"https:\/\/dgospel.com.br\/portal\/index.php\/wp-json\/wp\/v2\/comments?post=3736"}],"version-history":[{"count":1,"href":"https:\/\/dgospel.com.br\/portal\/index.php\/wp-json\/wp\/v2\/posts\/3736\/revisions"}],"predecessor-version":[{"id":3738,"href":"https:\/\/dgospel.com.br\/portal\/index.php\/wp-json\/wp\/v2\/posts\/3736\/revisions\/3738"}],"wp:featuredmedia":[{"embeddable":true,"href":"https:\/\/dgospel.com.br\/portal\/index.php\/wp-json\/wp\/v2\/media\/3737"}],"wp:attachment":[{"href":"https:\/\/dgospel.com.br\/portal\/index.php\/wp-json\/wp\/v2\/media?parent=3736"}],"wp:term":[{"taxonomy":"category","embeddable":true,"href":"https:\/\/dgospel.com.br\/portal\/index.php\/wp-json\/wp\/v2\/categories?post=3736"},{"taxonomy":"post_tag","embeddable":true,"href":"https:\/\/dgospel.com.br\/portal\/index.php\/wp-json\/wp\/v2\/tags?post=3736"}],"curies":[{"name":"wp","href":"https:\/\/api.w.org\/{rel}","templated":true}]}}