{"id":374,"date":"2018-05-28T10:25:17","date_gmt":"2018-05-28T13:25:17","guid":{"rendered":"http:\/\/dgospel.com.br\/portal\/?p=374"},"modified":"2018-05-28T10:25:17","modified_gmt":"2018-05-28T13:25:17","slug":"pastor-ronaldo-fonseca-vira-ministro-de-temer-e-assume-cargo-de-secretario-da-presidencia","status":"publish","type":"post","link":"https:\/\/dgospel.com.br\/portal\/index.php\/2018\/05\/28\/pastor-ronaldo-fonseca-vira-ministro-de-temer-e-assume-cargo-de-secretario-da-presidencia\/","title":{"rendered":"Pastor Ronaldo Fonseca vira Ministro de Temer e assume cargo de Secret\u00e1rio da Presid\u00eancia"},"content":{"rendered":"<p>Nas idas e vindas do Governo Michel Temer, entre nomea\u00e7\u00f5es para os minist\u00e9rios e planos estrat\u00e9gicos de gest\u00e3o em tempo de crie econ\u00f4mica, quem terminou sendo escalado para um posto na c\u00fapula presidencial foi o pastor e Deputado Federal Ronaldo Fonseca, antes filiado ao Podemos (PODE).<\/p>\n<p style=\"font-style: inherit; font-weight: inherit;\">A decis\u00e3o foi publicada no Di\u00e1rio Oficial da Uni\u00e3o (DOU) desta sexta-feira, 25, e a posse do novo Ministro ser\u00e1 oficializada nesta segunda-feira (28), \u00e0s 16h no Pal\u00e1cio do Planalto, onde assumir\u00e1 o cargo de\u00a0Secretario-geral da Presid\u00eancia da Rep\u00fablica.<\/p>\n<p style=\"font-style: inherit; font-weight: inherit;\">O pastor Ronaldo Fonseca j\u00e1 foi presidente do\u00a0conselho pol\u00edtico da Conven\u00e7\u00e3o Geral das Assembleias de Deus no Brasil (CGADB), de acordo com a C\u00e2mara, e sua liga\u00e7\u00e3o com a comunidade evang\u00e9lica \u00e9 not\u00e1vel no meio pol\u00edtico. Ele \u00e9 integrante da chamada \u201c<a style=\"font-style: inherit; font-weight: inherit;\" href=\"https:\/\/noticias.gospelmais.com.br\/frente-parlamentar-evangelica-funciona-politicos-20745.html\">Bancada Evang\u00e9lica<\/a>\u201d e j\u00e1 atuou contra o pol\u00eamico\u00a0<a style=\"font-style: inherit; font-weight: inherit;\" href=\"https:\/\/noticias.gospelmais.com.br\/evangelicos-pedem-mudancas-no-projeto-de-lei-que-combate-a-homofobia.html\">PLC122<\/a>, mais conhecido como \u201clei contra a homofobia\u201d, que foi arquivado.<\/p>\n<p style=\"font-style: inherit; font-weight: inherit;\">Advogado, Fonseca tamb\u00e9m j\u00e1 trabalhou nas comiss\u00f5es de Defesa do Consumidor, de Constitui\u00e7\u00e3o e Justi\u00e7a, de Direitos Humanos e de Educa\u00e7\u00e3o, mas o cargo de Secret\u00e1rio-Geral do Governo certamente ser\u00e1 para ele o maior desafio, especialmente devido ao contexto pol\u00edtico do pa\u00eds, marcado pela crise econ\u00f4mica, den\u00fancias de corrup\u00e7\u00e3o envolvendo at\u00e9 a presid\u00eancia e uma s\u00e9rie de paraliza\u00e7\u00f5es, como a dos caminhoneiros.<\/p>\n<p style=\"font-style: inherit; font-weight: inherit;\">\u201dJ\u00e1 pedi a minha desfilia\u00e7\u00e3o do Podemos. Sempre disse que n\u00e3o concorreria a nenhum mandato nesta elei\u00e7\u00e3o\u201d,\u00a0<a style=\"font-style: inherit; font-weight: inherit;\" href=\"http:\/\/blogs.correiobraziliense.com.br\/cbpoder\/deputado-ronaldo-fonseca-vai-assumir-ministerio-do-governo-temer\/\">disse<\/a>\u00a0Fonseca ao Jornal Correio Brasiliense ao saber da nomea\u00e7\u00e3o, deixando o segundo mandato de Deputado Federal para ser assumido pelo\u00a0suplente V\u00edtor Paulo, do PRB.<\/p>\n<p style=\"font-style: inherit; font-weight: inherit;\">O novo cargo de Ronaldo Fonseca era ocupado por Moreira Franco (PMB-RJ) at\u00e9 abril desse ano, mas permaneceu desocupado quando o antigo Ministro foi transferido para a pasta de Minas e Energia, seguindo a reforma ministerial do Governo.<\/p>\n<p>Fonte:\u00a0gospelmais<\/p>\n","protected":false},"excerpt":{"rendered":"<p>Nas idas e vindas do Governo Michel Temer, entre nomea\u00e7\u00f5es para os minist\u00e9rios e planos estrat\u00e9gicos de gest\u00e3o em tempo de crie econ\u00f4mica, quem terminou sendo escalado para um posto na c\u00fapula presidencial foi o pastor e Deputado Federal Ronaldo Fonseca, antes filiado ao Podemos (PODE). A decis\u00e3o foi publicada no Di\u00e1rio Oficial da Uni\u00e3o [&hellip;]<\/p>\n","protected":false},"author":2,"featured_media":375,"comment_status":"open","ping_status":"open","sticky":false,"template":"","format":"standard","meta":[],"categories":[2,10,6],"tags":[],"_links":{"self":[{"href":"https:\/\/dgospel.com.br\/portal\/index.php\/wp-json\/wp\/v2\/posts\/374"}],"collection":[{"href":"https:\/\/dgospel.com.br\/portal\/index.php\/wp-json\/wp\/v2\/posts"}],"about":[{"href":"https:\/\/dgospel.com.br\/portal\/index.php\/wp-json\/wp\/v2\/types\/post"}],"author":[{"embeddable":true,"href":"https:\/\/dgospel.com.br\/portal\/index.php\/wp-json\/wp\/v2\/users\/2"}],"replies":[{"embeddable":true,"href":"https:\/\/dgospel.com.br\/portal\/index.php\/wp-json\/wp\/v2\/comments?post=374"}],"version-history":[{"count":1,"href":"https:\/\/dgospel.com.br\/portal\/index.php\/wp-json\/wp\/v2\/posts\/374\/revisions"}],"predecessor-version":[{"id":376,"href":"https:\/\/dgospel.com.br\/portal\/index.php\/wp-json\/wp\/v2\/posts\/374\/revisions\/376"}],"wp:featuredmedia":[{"embeddable":true,"href":"https:\/\/dgospel.com.br\/portal\/index.php\/wp-json\/wp\/v2\/media\/375"}],"wp:attachment":[{"href":"https:\/\/dgospel.com.br\/portal\/index.php\/wp-json\/wp\/v2\/media?parent=374"}],"wp:term":[{"taxonomy":"category","embeddable":true,"href":"https:\/\/dgospel.com.br\/portal\/index.php\/wp-json\/wp\/v2\/categories?post=374"},{"taxonomy":"post_tag","embeddable":true,"href":"https:\/\/dgospel.com.br\/portal\/index.php\/wp-json\/wp\/v2\/tags?post=374"}],"curies":[{"name":"wp","href":"https:\/\/api.w.org\/{rel}","templated":true}]}}