{"id":3764,"date":"2019-08-08T18:30:32","date_gmt":"2019-08-08T21:30:32","guid":{"rendered":"http:\/\/dgospel.com.br\/portal\/?p=3764"},"modified":"2019-08-08T18:30:33","modified_gmt":"2019-08-08T21:30:33","slug":"a-pedido-de-deputado-leo-barbosa-governador-envia-caminhao-do-corpo-de-bombeiros-para-o-jalapao","status":"publish","type":"post","link":"https:\/\/dgospel.com.br\/portal\/index.php\/2019\/08\/08\/a-pedido-de-deputado-leo-barbosa-governador-envia-caminhao-do-corpo-de-bombeiros-para-o-jalapao\/","title":{"rendered":"A pedido de deputado L\u00e9o Barbosa, governador envia caminh\u00e3o do Corpo de Bombeiros para o Jalap\u00e3o"},"content":{"rendered":"\n<p>O deputado estadual L\u00e9o Barbosa (SD) comemorou, em um v\u00eddeo publicado atrav\u00e9s das redes sociais, a autoriza\u00e7\u00e3o do governador Mauro Carlesse para o envio de um caminh\u00e3o do Corpo de Bombeiros para combater inc\u00eandios florestais no Jalap\u00e3o.<\/p>\n\n\n\n<p>O envio atende a solicita\u00e7\u00e3o feita pelo parlamentar durante a sess\u00e3o ordin\u00e1ria desta quarta-feira (07), que pedia a instala\u00e7\u00e3o de um Posto Avan\u00e7ado dos Bombeiros para melhor atender a regi\u00e3o.<\/p>\n\n\n\n<p>\u201cOntem n\u00f3s solicitamos na Assembleia e hoje o governador Mauro Carlesse j\u00e1 autorizou o envio de um caminh\u00e3o para atender os munic\u00edpios. Agrade\u00e7o ao governador e ao comandante Reginaldo por entender a import\u00e2ncia da preserva\u00e7\u00e3o de nossas riquezas naturais\u201d, destacou Barbosa.<\/p>\n\n\n\n<p>Na ocasi\u00e3o, o comandante geral dos Bombeiros, coronel Reginaldo Leandro da Silva, destacou a relev\u00e2ncia da solicita\u00e7\u00e3o. \u201cFoi um requerimento que o senhor fez em uma hora realmente essencial. Esse caminh\u00e3o com certeza vai dar uma resposta muito grande aos inc\u00eandios florestais na regi\u00e3o\u201d, disse.<\/p>\n\n\n\n<p>O ve\u00edculo deve seguir ainda hoje para o posto do Instituto de Natureza do Tocantins (Naturatins), localizado na sede do parque do Jalap\u00e3o, h\u00e1 20 quil\u00f4metros de Mateiros. \u201c\u00c9 uma grande conquista. N\u00f3s estamos falando de um lugar muito importante turisticamente, mas tamb\u00e9m de um lugar com pessoas muito importantes para o Estado do Tocantins\u201d, comentou L\u00e9o.<\/p>\n","protected":false},"excerpt":{"rendered":"<p>O deputado estadual L\u00e9o Barbosa (SD) comemorou, em um v\u00eddeo publicado atrav\u00e9s das redes sociais, a autoriza\u00e7\u00e3o do governador Mauro Carlesse para o envio de um caminh\u00e3o do Corpo de Bombeiros para combater inc\u00eandios florestais no Jalap\u00e3o. O envio atende a solicita\u00e7\u00e3o feita pelo parlamentar durante a sess\u00e3o ordin\u00e1ria desta quarta-feira (07), que pedia a [&hellip;]<\/p>\n","protected":false},"author":2,"featured_media":3765,"comment_status":"open","ping_status":"open","sticky":false,"template":"","format":"standard","meta":[],"categories":[4],"tags":[],"_links":{"self":[{"href":"https:\/\/dgospel.com.br\/portal\/index.php\/wp-json\/wp\/v2\/posts\/3764"}],"collection":[{"href":"https:\/\/dgospel.com.br\/portal\/index.php\/wp-json\/wp\/v2\/posts"}],"about":[{"href":"https:\/\/dgospel.com.br\/portal\/index.php\/wp-json\/wp\/v2\/types\/post"}],"author":[{"embeddable":true,"href":"https:\/\/dgospel.com.br\/portal\/index.php\/wp-json\/wp\/v2\/users\/2"}],"replies":[{"embeddable":true,"href":"https:\/\/dgospel.com.br\/portal\/index.php\/wp-json\/wp\/v2\/comments?post=3764"}],"version-history":[{"count":1,"href":"https:\/\/dgospel.com.br\/portal\/index.php\/wp-json\/wp\/v2\/posts\/3764\/revisions"}],"predecessor-version":[{"id":3766,"href":"https:\/\/dgospel.com.br\/portal\/index.php\/wp-json\/wp\/v2\/posts\/3764\/revisions\/3766"}],"wp:featuredmedia":[{"embeddable":true,"href":"https:\/\/dgospel.com.br\/portal\/index.php\/wp-json\/wp\/v2\/media\/3765"}],"wp:attachment":[{"href":"https:\/\/dgospel.com.br\/portal\/index.php\/wp-json\/wp\/v2\/media?parent=3764"}],"wp:term":[{"taxonomy":"category","embeddable":true,"href":"https:\/\/dgospel.com.br\/portal\/index.php\/wp-json\/wp\/v2\/categories?post=3764"},{"taxonomy":"post_tag","embeddable":true,"href":"https:\/\/dgospel.com.br\/portal\/index.php\/wp-json\/wp\/v2\/tags?post=3764"}],"curies":[{"name":"wp","href":"https:\/\/api.w.org\/{rel}","templated":true}]}}