{"id":3771,"date":"2019-08-09T11:29:37","date_gmt":"2019-08-09T14:29:37","guid":{"rendered":"http:\/\/dgospel.com.br\/portal\/?p=3771"},"modified":"2019-08-09T11:29:39","modified_gmt":"2019-08-09T14:29:39","slug":"pm-em-parceria-com-senai-oferece-25-vagas-para-curso-profissionalizante-em-taquaralto","status":"publish","type":"post","link":"https:\/\/dgospel.com.br\/portal\/index.php\/2019\/08\/09\/pm-em-parceria-com-senai-oferece-25-vagas-para-curso-profissionalizante-em-taquaralto\/","title":{"rendered":"PM em parceria com Senai oferece 25 vagas para curso profissionalizante em Taquaralto"},"content":{"rendered":"\n<p>A Pol\u00edcia Militar, atrav\u00e9s do 6\u00b0 Batalh\u00e3o, em parceria com o&nbsp;Servi\u00e7o Nacional de Aprendizagem Industrial (Senai)&nbsp;viabiliza a oferta gratuita de 25 vagas para o curso profissionalizante de Pedreiro de Alvenaria em Palmas. O curso ter\u00e1 in\u00edcio dia 19 deste m\u00eas, com dura\u00e7\u00e3o de 21 dias, em hor\u00e1rio comercial.<\/p>\n\n\n\n<p>As inscri\u00e7\u00f5es ser\u00e3o realizadas no quartel do 6\u00b0 BPM em Taquaralto, regi\u00e3o sul da capital, devendo o interessado apresentar c\u00f3pia do RG e do comprovante de endere\u00e7o.&nbsp;A proposta \u00e9 oferecer educa\u00e7\u00e3o profissional como ferramenta de inclus\u00e3o social,viabilizando o ingresso de pessoas de baixa renda no mercado de trabalho, sendo as vagas indicadas pela Pol\u00edcia Militar.<\/p>\n\n\n\n<p>&#8220;Trata-se de uma a\u00e7\u00e3o de Pol\u00edcia de proximidade, que visa qualificar pessoas em situa\u00e7\u00e3o de vulnerabilidade social (desemprego) e, ao mesmo tempo, aquecer a economia local, refletindo na melhoria dos \u00edndices criminais&#8221;, ressaltou o comandante do 6\u00b0 BPM, tenente-coronel Jo\u00e3o Leyde de Souza.<\/p>\n","protected":false},"excerpt":{"rendered":"<p>A Pol\u00edcia Militar, atrav\u00e9s do 6\u00b0 Batalh\u00e3o, em parceria com o&nbsp;Servi\u00e7o Nacional de Aprendizagem Industrial (Senai)&nbsp;viabiliza a oferta gratuita de 25 vagas para o curso profissionalizante de Pedreiro de Alvenaria em Palmas. O curso ter\u00e1 in\u00edcio dia 19 deste m\u00eas, com dura\u00e7\u00e3o de 21 dias, em hor\u00e1rio comercial. As inscri\u00e7\u00f5es ser\u00e3o realizadas no quartel do [&hellip;]<\/p>\n","protected":false},"author":2,"featured_media":3772,"comment_status":"open","ping_status":"open","sticky":false,"template":"","format":"standard","meta":[],"categories":[3],"tags":[],"_links":{"self":[{"href":"https:\/\/dgospel.com.br\/portal\/index.php\/wp-json\/wp\/v2\/posts\/3771"}],"collection":[{"href":"https:\/\/dgospel.com.br\/portal\/index.php\/wp-json\/wp\/v2\/posts"}],"about":[{"href":"https:\/\/dgospel.com.br\/portal\/index.php\/wp-json\/wp\/v2\/types\/post"}],"author":[{"embeddable":true,"href":"https:\/\/dgospel.com.br\/portal\/index.php\/wp-json\/wp\/v2\/users\/2"}],"replies":[{"embeddable":true,"href":"https:\/\/dgospel.com.br\/portal\/index.php\/wp-json\/wp\/v2\/comments?post=3771"}],"version-history":[{"count":1,"href":"https:\/\/dgospel.com.br\/portal\/index.php\/wp-json\/wp\/v2\/posts\/3771\/revisions"}],"predecessor-version":[{"id":3773,"href":"https:\/\/dgospel.com.br\/portal\/index.php\/wp-json\/wp\/v2\/posts\/3771\/revisions\/3773"}],"wp:featuredmedia":[{"embeddable":true,"href":"https:\/\/dgospel.com.br\/portal\/index.php\/wp-json\/wp\/v2\/media\/3772"}],"wp:attachment":[{"href":"https:\/\/dgospel.com.br\/portal\/index.php\/wp-json\/wp\/v2\/media?parent=3771"}],"wp:term":[{"taxonomy":"category","embeddable":true,"href":"https:\/\/dgospel.com.br\/portal\/index.php\/wp-json\/wp\/v2\/categories?post=3771"},{"taxonomy":"post_tag","embeddable":true,"href":"https:\/\/dgospel.com.br\/portal\/index.php\/wp-json\/wp\/v2\/tags?post=3771"}],"curies":[{"name":"wp","href":"https:\/\/api.w.org\/{rel}","templated":true}]}}