{"id":3778,"date":"2019-08-09T16:38:11","date_gmt":"2019-08-09T19:38:11","guid":{"rendered":"http:\/\/dgospel.com.br\/portal\/?p=3778"},"modified":"2019-08-09T17:58:57","modified_gmt":"2019-08-09T20:58:57","slug":"assembleias-de-deus-ciadseta-e-madureira-se-reunem-para-celebrar-a-santa-ceia-em-aparecida-do-rio-negro","status":"publish","type":"post","link":"https:\/\/dgospel.com.br\/portal\/index.php\/2019\/08\/09\/assembleias-de-deus-ciadseta-e-madureira-se-reunem-para-celebrar-a-santa-ceia-em-aparecida-do-rio-negro\/","title":{"rendered":"Assembleias de Deus CiadSeta e Madureira se re\u00fanem para celebrar Santa Ceia em Aparecida do Rio Negro"},"content":{"rendered":"\n<p>Os l\u00edderes das Igrejas Assembleias de Deus dos Minist\u00e9rios, CiadSeta e Madureira, pastor Marcos Bogeia e pastor Adelvaldo Cabral, promoveram uma grande festa de Santa Ceia no s\u00e1bado, 03 de agosto, em Aparecida do Rio Negro \u2013 TO. O evento aconteceu no templo sede da Assembleia de Deus CiadSeta, presidida pelo pastor Marcos Bogeia e missionaria Poliana.<\/p>\n\n\n\n<p><\/p>\n\n\n\n<figure class=\"wp-block-image\"><img loading=\"lazy\" width=\"1024\" height=\"576\" src=\"http:\/\/dgospel.com.br\/portal\/wp-content\/uploads\/2019\/08\/IMG-20190805-WA0173-1024x576.jpg\" alt=\"\" class=\"wp-image-3781\" srcset=\"https:\/\/dgospel.com.br\/portal\/wp-content\/uploads\/2019\/08\/IMG-20190805-WA0173-1024x576.jpg 1024w, https:\/\/dgospel.com.br\/portal\/wp-content\/uploads\/2019\/08\/IMG-20190805-WA0173-300x169.jpg 300w, https:\/\/dgospel.com.br\/portal\/wp-content\/uploads\/2019\/08\/IMG-20190805-WA0173-768x432.jpg 768w, https:\/\/dgospel.com.br\/portal\/wp-content\/uploads\/2019\/08\/IMG-20190805-WA0173.jpg 1152w\" sizes=\"(max-width: 1024px) 100vw, 1024px\" \/><\/figure>\n\n\n\n<p>De acordo com pastor Marcos Bogeia, at\u00e9 final deste ano, todos os meses as igrejas v\u00e3o se reunir para celebrar a Santa Ceia. O l\u00edder da Assembleias de Deus CiadSeta informou ainda que no pr\u00f3ximo m\u00eas a Ceia ser\u00e1 realizada na Assembleia de Deus Madureira, presidida pelo pastor Adelvaldo Cabral<\/p>\n\n\n\n<p><\/p>\n\n\n\n<figure class=\"wp-block-image\"><img loading=\"lazy\" width=\"1024\" height=\"576\" src=\"http:\/\/dgospel.com.br\/portal\/wp-content\/uploads\/2019\/08\/IMG-20190805-WA0174-1024x576.jpg\" alt=\"\" class=\"wp-image-3780\" srcset=\"https:\/\/dgospel.com.br\/portal\/wp-content\/uploads\/2019\/08\/IMG-20190805-WA0174-1024x576.jpg 1024w, https:\/\/dgospel.com.br\/portal\/wp-content\/uploads\/2019\/08\/IMG-20190805-WA0174-300x169.jpg 300w, https:\/\/dgospel.com.br\/portal\/wp-content\/uploads\/2019\/08\/IMG-20190805-WA0174-768x432.jpg 768w, https:\/\/dgospel.com.br\/portal\/wp-content\/uploads\/2019\/08\/IMG-20190805-WA0174.jpg 1152w\" sizes=\"(max-width: 1024px) 100vw, 1024px\" \/><\/figure>\n\n\n\n<p>&nbsp;\u201cO nosso desejo \u00e9 estreitar a\ncomunh\u00e3o. Vamos nas festas um dos outros e assim estamos unidos em um s\u00f3 prop\u00f3sito, que \u00e9 de promover o Reino de Deus\u201d,\ndisse Bogeia.<\/p>\n\n\n\n<p>O pastor Marcos Bogeia que a pouco meses assumiu a presid\u00eancia\nda Assembleia de Deus Ciadseta em Aparecida do Rio Negro, vem\nrevolucionando aquela regi\u00e3o. Din\u00e2mico e comunicativo, Marcos Bog\u00e9ia tem\npromovido a aproxima\u00e7\u00e3o das igrejas evang\u00e9licas e proporcionado uma comunh\u00e3o\nestreita entres os l\u00edderes de v\u00e1rias denomina\u00e7\u00f5es.<\/p>\n\n\n\n<p>A festa de Santa Ceia foi marcada pela forte presen\u00e7a de Deus. Al\u00e9m\ndos irm\u00e3os da Assembleia de Deus Madureira, o evento ainda contou com a\npresen\u00e7a de alguns irm\u00e3os Assembleia de Deus minist\u00e9rio de An\u00e1polis.<\/p>\n","protected":false},"excerpt":{"rendered":"<p>Os l\u00edderes das Igrejas Assembleias de Deus dos Minist\u00e9rios, CiadSeta e Madureira, pastor Marcos Bogeia e pastor Adelvaldo Cabral, promoveram uma grande festa de Santa Ceia no s\u00e1bado, 03 de agosto, em Aparecida do Rio Negro \u2013 TO. O evento aconteceu no templo sede da Assembleia de Deus CiadSeta, presidida pelo pastor Marcos Bogeia e [&hellip;]<\/p>\n","protected":false},"author":2,"featured_media":3779,"comment_status":"open","ping_status":"open","sticky":false,"template":"","format":"standard","meta":[],"categories":[5],"tags":[],"_links":{"self":[{"href":"https:\/\/dgospel.com.br\/portal\/index.php\/wp-json\/wp\/v2\/posts\/3778"}],"collection":[{"href":"https:\/\/dgospel.com.br\/portal\/index.php\/wp-json\/wp\/v2\/posts"}],"about":[{"href":"https:\/\/dgospel.com.br\/portal\/index.php\/wp-json\/wp\/v2\/types\/post"}],"author":[{"embeddable":true,"href":"https:\/\/dgospel.com.br\/portal\/index.php\/wp-json\/wp\/v2\/users\/2"}],"replies":[{"embeddable":true,"href":"https:\/\/dgospel.com.br\/portal\/index.php\/wp-json\/wp\/v2\/comments?post=3778"}],"version-history":[{"count":3,"href":"https:\/\/dgospel.com.br\/portal\/index.php\/wp-json\/wp\/v2\/posts\/3778\/revisions"}],"predecessor-version":[{"id":3784,"href":"https:\/\/dgospel.com.br\/portal\/index.php\/wp-json\/wp\/v2\/posts\/3778\/revisions\/3784"}],"wp:featuredmedia":[{"embeddable":true,"href":"https:\/\/dgospel.com.br\/portal\/index.php\/wp-json\/wp\/v2\/media\/3779"}],"wp:attachment":[{"href":"https:\/\/dgospel.com.br\/portal\/index.php\/wp-json\/wp\/v2\/media?parent=3778"}],"wp:term":[{"taxonomy":"category","embeddable":true,"href":"https:\/\/dgospel.com.br\/portal\/index.php\/wp-json\/wp\/v2\/categories?post=3778"},{"taxonomy":"post_tag","embeddable":true,"href":"https:\/\/dgospel.com.br\/portal\/index.php\/wp-json\/wp\/v2\/tags?post=3778"}],"curies":[{"name":"wp","href":"https:\/\/api.w.org\/{rel}","templated":true}]}}