{"id":3785,"date":"2019-08-09T18:07:07","date_gmt":"2019-08-09T21:07:07","guid":{"rendered":"http:\/\/dgospel.com.br\/portal\/?p=3785"},"modified":"2019-08-09T18:07:08","modified_gmt":"2019-08-09T21:07:08","slug":"milagre-estar-vivo-diz-pastor-ao-relembrar-de-sequestro-que-terminou-com-maior-perseguicao-policial-do-pais-ha-30-anos","status":"publish","type":"post","link":"https:\/\/dgospel.com.br\/portal\/index.php\/2019\/08\/09\/milagre-estar-vivo-diz-pastor-ao-relembrar-de-sequestro-que-terminou-com-maior-perseguicao-policial-do-pais-ha-30-anos\/","title":{"rendered":"\u201cMilagre estar vivo\u201d, diz pastor ao relembrar de sequestro que terminou com maior persegui\u00e7\u00e3o policial do pa\u00eds, h\u00e1 30 anos"},"content":{"rendered":"\n<p><\/p>\n\n\n\n<figure class=\"wp-block-image\"><img loading=\"lazy\" width=\"765\" height=\"1024\" src=\"http:\/\/dgospel.com.br\/portal\/wp-content\/uploads\/2019\/08\/84017696_goiania_go_13-08-1989_policia_-_goias_-_rapto_-_sequestro_do_menor_said_angel_filho_-_said-765x1024.jpg\" alt=\"\" class=\"wp-image-3787\" srcset=\"https:\/\/dgospel.com.br\/portal\/wp-content\/uploads\/2019\/08\/84017696_goiania_go_13-08-1989_policia_-_goias_-_rapto_-_sequestro_do_menor_said_angel_filho_-_said-765x1024.jpg 765w, https:\/\/dgospel.com.br\/portal\/wp-content\/uploads\/2019\/08\/84017696_goiania_go_13-08-1989_policia_-_goias_-_rapto_-_sequestro_do_menor_said_angel_filho_-_said-224x300.jpg 224w, https:\/\/dgospel.com.br\/portal\/wp-content\/uploads\/2019\/08\/84017696_goiania_go_13-08-1989_policia_-_goias_-_rapto_-_sequestro_do_menor_said_angel_filho_-_said-768x1028.jpg 768w, https:\/\/dgospel.com.br\/portal\/wp-content\/uploads\/2019\/08\/84017696_goiania_go_13-08-1989_policia_-_goias_-_rapto_-_sequestro_do_menor_said_angel_filho_-_said.jpg 2021w\" sizes=\"(max-width: 765px) 100vw, 765px\" \/><figcaption> O menino Said Agel Filho, sequestrado em Goi\u00e2nia e libertado em 9 de agosto de 1989 | Foto de acervo pessoal <\/figcaption><\/figure>\n\n\n\n<p>Said Agel Filho tinha 9 anos quando foi levado por bandidos na porta de sua casa, em Goi\u00e2nia. Naquela quarta-feira, o menino voltava da aula de karat\u00ea quando os criminosos chegaram de carro, dizendo que seu pai estava num bar esperando por ele. O garoto n\u00e3o acreditou na hist\u00f3ria, mas foi agarrado a for\u00e7a e obrigado a usar um capuz at\u00e9 chegar no cativeiro. Come\u00e7ava, ent\u00e3o, um sequestro que causou como\u00e7\u00e3o em todo o pa\u00eds. Said foi libertado uma semana depois, no dia 9 de agosto de 1989, h\u00e1 exatos 30 anos, mas os bandidos fizeram novos ref\u00e9ns e deram in\u00edcio a uma fuga que se estendeu por tr\u00eas estados e chegou at\u00e9 o Paraguai.\u00a0<\/p>\n\n\n\n<p><\/p>\n\n\n\n<figure class=\"wp-block-image\"><img loading=\"lazy\" width=\"682\" height=\"1024\" src=\"http:\/\/dgospel.com.br\/portal\/wp-content\/uploads\/2019\/08\/whatsapp_image_2019-08-07_at_16.46.17-1-682x1024.jpeg\" alt=\"\" class=\"wp-image-3788\" srcset=\"https:\/\/dgospel.com.br\/portal\/wp-content\/uploads\/2019\/08\/whatsapp_image_2019-08-07_at_16.46.17-1-682x1024.jpeg 682w, https:\/\/dgospel.com.br\/portal\/wp-content\/uploads\/2019\/08\/whatsapp_image_2019-08-07_at_16.46.17-1-200x300.jpeg 200w, https:\/\/dgospel.com.br\/portal\/wp-content\/uploads\/2019\/08\/whatsapp_image_2019-08-07_at_16.46.17-1-768x1152.jpeg 768w, https:\/\/dgospel.com.br\/portal\/wp-content\/uploads\/2019\/08\/whatsapp_image_2019-08-07_at_16.46.17-1.jpeg 853w\" sizes=\"(max-width: 682px) 100vw, 682px\" \/><\/figure>\n\n\n\n<p>Segundo noticiou O GLOBO na \u00e9poca,\naquela foi a maior persegui\u00e7\u00e3o da hist\u00f3ria do pa\u00eds at\u00e9 ent\u00e3o, mobilizando mais\nde 400 policiais civis e militares por cerca de 2 mil quil\u00f4metros. No fim das\ncontas, de acordo com reportagens sobre o caso, quatro bandidos fugiram, mesmo\ndepois de cercados diversas vezes pelas for\u00e7as de seguran\u00e7a. Nunca foram\nencontrados. No total, oito pessoas foram feitas ref\u00e9ns. O crime exp\u00f4s a\nfragilidade das autoridades de ent\u00e3o para lidar com esse tipo de situa\u00e7\u00e3o. O\nBatalh\u00e3o de Opera\u00e7\u00f5es Policiais Especiais (Bope) de Goi\u00e1s atribui justamente a\nesse epis\u00f3dio a cria\u00e7\u00e3o do Grupo Anti-Sequestro.<\/p>\n\n\n\n<p>\u2014 Quando chegamos no\ncativeiro, eles me colocaram em um quarto fechado, e um homem encapuzado\ndescobriu a minha cabe\u00e7a&nbsp;para conversar comigo. Disse que eu tinha sido\nsequestrado e que ele queria que meu pai pagasse o resgate. Fiquei uma semana\nl\u00e1 nas m\u00e3os dos bandidos. Eles me amea\u00e7avam colocando arma na minha cabe\u00e7a \u2014\nrelembra Said, filho de um advogado conhecido na cidade.<\/p>\n\n\n\n<p>Hoje aos 39 anos de idade\ne formado em Direito, Said se refez do trauma. \u00c9 pastor evang\u00e9lico e servidor\np\u00fablico da Assembleia Legislativa do Estado de Goi\u00e1s. Ainda morador de Goi\u00e2nia,\ntem mulher e dois filhos, de 9 e 7 anos.<\/p>\n\n\n\n<p>\u2014 Se hoje estou vivo, \u00e9 porque Deus me guardou. Na \u00e9poca, fiquei traumatizado, sem sair de casa, e nem consegui fazer terapia. Mas, hoje, sou casado com uma psic\u00f3loga. Existe um Deus que sempre cuidou de mim. \u00c9 um milagre estar vivo.<\/p>\n\n\n\n<p><\/p>\n\n\n\n<figure class=\"wp-block-image\"><img loading=\"lazy\" width=\"927\" height=\"607\" src=\"http:\/\/dgospel.com.br\/portal\/wp-content\/uploads\/2019\/08\/sequestro.jpg\" alt=\"\" class=\"wp-image-3789\" srcset=\"https:\/\/dgospel.com.br\/portal\/wp-content\/uploads\/2019\/08\/sequestro.jpg 927w, https:\/\/dgospel.com.br\/portal\/wp-content\/uploads\/2019\/08\/sequestro-300x196.jpg 300w, https:\/\/dgospel.com.br\/portal\/wp-content\/uploads\/2019\/08\/sequestro-768x503.jpg 768w\" sizes=\"(max-width: 927px) 100vw, 927px\" \/><figcaption> P\u00e1gina do GLOBO do dia 10 de agosto de 1989 | Acervo O GLOBO <\/figcaption><\/figure>\n\n\n\n<p>Casos de sequestro eram\nfrequentes entre o final da d\u00e9cada de 80 e meados dos&nbsp;anos 90 no Brasil.\nEmpres\u00e1rios, profissionais liberais e seus familiares se tornaram alvos de\nquadrilhas &#8220;especializadas&#8221; nesse tipo de crime, que se mostrou\nlucrativo justamente porque as pol\u00edcias ainda n\u00e3o estavam treinadas para\ncombat\u00ea-lo. Pessoas conhecidas do mundo dos neg\u00f3cios, como Roberto Medina e\nAb\u00edlio Diniz, foram v\u00edtimas desses bandidos naquela \u00e9poca. Mas o caso de Said\nchamou aten\u00e7\u00e3o do pa\u00eds porque, al\u00e9m de se tratar de uma crian\u00e7a, levou a uma\npersegui\u00e7\u00e3o policial de v\u00e1rios dias, que terminou com a fuga dos\nsequestradores.&nbsp;<\/p>\n\n\n\n<p>A pol\u00edcia chegou ao\ncativeiro de Said um dia ap\u00f3s matar dois envolvidos no crime e prender uma\nc\u00famplice. No dia 8 de agosto de 1989, os suspeitos foram localizados quando\nusavam um orelh\u00e3o para falar com a fam\u00edlia da v\u00edtima, e houve uma intensa troca\nde tiros. Como o telefone p\u00fablico n\u00e3o ficava perto do cativeiro, os agentes\ncontinuaram atr\u00e1s de pistas que levassem ao garoto. De acordo com o hoje\npastor, aquele foi um dos momentos mais tensos de todo o seu pesadelo. Justamente\nporque ele ainda estava sob poder do bando quando os dois sequestradores foram\nmortos pelos agentes de seguran\u00e7a.<\/p>\n\n\n\n<p>\u2014 Um dos sequestradores\nsoube que mataram os irm\u00e3os dele e falou que ia me&nbsp;matar. Ele ficou\ndiscutindo com uma mulher quem ia me matar&nbsp;\u2014 conta Said, que, no dia\nseguinte foi obrigado por uma sequestradora a beber um suco de laranja que\nestaria envenenado. &#8211; Eu bebi o suco e fiquei zonzo. Foi neste momento que a\npol\u00edcia chegou, e teve troca de tiros. Eles ficaram negociando o dia inteiro.<\/p>\n\n\n\n<p>\u00c0quela altura, o crime\ntinha se tornado not\u00edcia no pa\u00eds todo. Os bandidos estavam fortemente armados.\nAp\u00f3s cerca de dez horas de negocia\u00e7\u00e3o, o garoto foi trocado por tr\u00eas rep\u00f3rteres\nque trabalhavam na cobertura do caso, todas mulheres. Elas se&nbsp;ofereceram\npara ficar no lugar dele. Os quatro sequestradores que restavam exigiram um\ncarro-forte e um avi\u00e3o para a fuga. O pai de Said pagou um resgate de 100 mil\ncruzados novos (cerca de R$ 330 mil em valores atuais). Os criminosos entraram\nno carro-forte com as jornalistas e soltaram o garoto. Ap\u00f3s a tentativa\nfrustrada de sair de avi\u00e3o, eles pegaram a estrada em dire\u00e7\u00e3o ao Sul do pa\u00eds.\nNeste processo, uma ref\u00e9m foi trocada por um taxista.&nbsp;<\/p>\n\n\n\n<p>Eles atravessaram o\nEstado de S\u00e3o Paulo todo no carro blindado e chegaram at\u00e9 Itoror\u00f3 de\nParanapanema, na divisa com o Paran\u00e1. No local, os bandidos pegaram um avi\u00e3o\nbimotor, fazendo de ref\u00e9ns o propriet\u00e1rio da aeronave e um piloto. \u00c0quela\naltura, a fuga j\u00e1 estavam em seu quinto dia. Eles libertaram as duas\njornalistas e o motorista e fugiram para o Paraguai, onde foram recebidos por\num cerco de policiais do pa\u00eds vizinho. Os bandidos, ent\u00e3o, voltaram ao Paran\u00e1,\nonde deixaram o avi\u00e3o e roubaram uma caminhonete, sequestrando, agora, o\nmotorista do carro, que depois foi deixado na estrada. Os bandidos n\u00e3o foram\nmais localizados.<\/p>\n\n\n\n<p>\u008d\u2014 A pol\u00edcia n\u00e3o estava preparada para reagir a sequestros. Foi um crime que estava come\u00e7ando a acontecer, os criminosos viram alternativa de ganhar muito dinheiro at\u00e9 por essa falta de preparo. Mas a pol\u00edcia se especializou e, anos depois, houve uma diminui\u00e7\u00e3o muito grande de sequestros \u2014 diz Said.<\/p>\n\n\n\n<p>Fonte: oglobo &#8211;  Isabela Aleixo* <\/p>\n","protected":false},"excerpt":{"rendered":"<p>Said Agel Filho tinha 9 anos quando foi levado por bandidos na porta de sua casa, em Goi\u00e2nia. Naquela quarta-feira, o menino voltava da aula de karat\u00ea quando os criminosos chegaram de carro, dizendo que seu pai estava num bar esperando por ele. O garoto n\u00e3o acreditou na hist\u00f3ria, mas foi agarrado a for\u00e7a e [&hellip;]<\/p>\n","protected":false},"author":2,"featured_media":3786,"comment_status":"open","ping_status":"open","sticky":false,"template":"","format":"standard","meta":[],"categories":[6],"tags":[],"_links":{"self":[{"href":"https:\/\/dgospel.com.br\/portal\/index.php\/wp-json\/wp\/v2\/posts\/3785"}],"collection":[{"href":"https:\/\/dgospel.com.br\/portal\/index.php\/wp-json\/wp\/v2\/posts"}],"about":[{"href":"https:\/\/dgospel.com.br\/portal\/index.php\/wp-json\/wp\/v2\/types\/post"}],"author":[{"embeddable":true,"href":"https:\/\/dgospel.com.br\/portal\/index.php\/wp-json\/wp\/v2\/users\/2"}],"replies":[{"embeddable":true,"href":"https:\/\/dgospel.com.br\/portal\/index.php\/wp-json\/wp\/v2\/comments?post=3785"}],"version-history":[{"count":1,"href":"https:\/\/dgospel.com.br\/portal\/index.php\/wp-json\/wp\/v2\/posts\/3785\/revisions"}],"predecessor-version":[{"id":3790,"href":"https:\/\/dgospel.com.br\/portal\/index.php\/wp-json\/wp\/v2\/posts\/3785\/revisions\/3790"}],"wp:featuredmedia":[{"embeddable":true,"href":"https:\/\/dgospel.com.br\/portal\/index.php\/wp-json\/wp\/v2\/media\/3786"}],"wp:attachment":[{"href":"https:\/\/dgospel.com.br\/portal\/index.php\/wp-json\/wp\/v2\/media?parent=3785"}],"wp:term":[{"taxonomy":"category","embeddable":true,"href":"https:\/\/dgospel.com.br\/portal\/index.php\/wp-json\/wp\/v2\/categories?post=3785"},{"taxonomy":"post_tag","embeddable":true,"href":"https:\/\/dgospel.com.br\/portal\/index.php\/wp-json\/wp\/v2\/tags?post=3785"}],"curies":[{"name":"wp","href":"https:\/\/api.w.org\/{rel}","templated":true}]}}