{"id":3791,"date":"2019-08-12T15:37:32","date_gmt":"2019-08-12T18:37:32","guid":{"rendered":"http:\/\/dgospel.com.br\/portal\/?p=3791"},"modified":"2019-08-12T15:51:55","modified_gmt":"2019-08-12T18:51:55","slug":"cristaos-cubanos-sao-condenados-por-educar-seus-filhos-em-casa","status":"publish","type":"post","link":"https:\/\/dgospel.com.br\/portal\/index.php\/2019\/08\/12\/cristaos-cubanos-sao-condenados-por-educar-seus-filhos-em-casa\/","title":{"rendered":"Crist\u00e3os cubanos s\u00e3o condenados por educar seus filhos em casa"},"content":{"rendered":"\n<p><em>A persegui\u00e7\u00e3o e viol\u00eancia contra crist\u00e3os \u00e9 evidente em Cuba. Apesar da Constitui\u00e7\u00e3o permitir a liberdade religiosa, as restri\u00e7\u00f5es contra pessoas, fam\u00edlias, casas e templos s\u00f3 aumenta<\/em><\/p>\n\n\n\n<p>\u201cEu via Meu pai todos os dias de manh\u00e3 rezando, ele rezava 3 vezes ao dia. Agora \u00e9 muito dif\u00edcil n\u00e3o v\u00ea-lo nem a minha m\u00e3e. Meu irm\u00e3o mais novo toda vez que tem de ir para a escola, me abra\u00e7a e chora muito. Ele est\u00e1 traumatizado e n\u00e3o quer ir para a escola\u201d. Estas foram as palavras de Ruth Rigal, filha dos pastores Ram\u00f3n Rigal e Ayda Exp\u00f3sito da Igreja de Deus em Cuba. Eles, que foram sancionadas pelo Tribunal Municipal Municipal de Guant\u00e1namo em abril deste ano e presos, condenados por dois anos e 18 meses, respectivamente. Segundo as autoridades cubanas, eles foram condenados por crime de \u2018atos contr\u00e1rios ao desenvolvimento do menor\u2019 e \u2018associa\u00e7\u00e3o il\u00edcita\u2019.<\/p>\n\n\n\n<p>O casal optou por educar seus filhos em casa, Ruth Rigal, 13, e Joel Rigal, 9, com a ajuda do Col\u00e9gio Hebron da Guatemala, que os aconselhou a ensinar em casa com CDs e material impresso, al\u00e9m de algumas aulas pela internet. Segundo Ruth, os pais foram levados logo na primeira hora da manh\u00e3 e o material foi apreendido \u201cEles estavam em roupas civis e vasculharam toda nossa casa\u201d, conta.<\/p>\n\n\n\n<p>Ap\u00f3s o julgamento, funcion\u00e1rios do governo informaram Nori Mar\u00eda Rodr\u00edguez, a av\u00f3 paterna das crian\u00e7as, que se n\u00e3o levassem as crian\u00e7as para a escola, as mandariam para a P\u00e1tria (institui\u00e7\u00e3o para crian\u00e7as sem lar, similar \u00e0 Funda\u00e7\u00e3o Casa brasileira), e que iriam tirar os direitos dos pais sobre as crian\u00e7as, bem como dos av\u00f3s.<\/p>\n\n\n\n<p>Durante a visita de um pastor, Ruth pede para ver sua m\u00e3e novamente: &#8220;Eu quero ter a fam\u00edlia antes e esquecer tudo isso, mas isso \u00e9 imposs\u00edvel&#8221;. Seu rosto parece cansado de chorar, assim como o de sua av\u00f3, que cuida dela e de seu irm\u00e3o Joel.<\/p>\n\n\n\n<p>A Portas Abertas por meio da igreja cubana, enviou ajuda financeira para apoiar as despesas di\u00e1rias com alimenta\u00e7\u00e3o e deslocamento.<\/p>\n\n\n\n<p>Esta situa\u00e7\u00e3o de persegui\u00e7\u00e3o n\u00e3o \u00e9 algo novo. Em 2017, eles foram condenados por n\u00e3o mandar seus filhos, de 7 e 11 anos, para a escola. O pastor recebeu uma senten\u00e7a de um ano de trabalho correcional sem ser preso, enquanto sua esposa passou um ano em pris\u00e3o domiciliar. De acordo com Ruth, no dia do julgamento, seus pais chegaram sem um advogado, porque foram notificados apenas meia hora antes e era imposs\u00edvel conseguir uma defesa em t\u00e3o pouco tempo.<\/p>\n\n\n\n<p>Apesar de n\u00e3o configurar na&nbsp;<a href=\"http:\/\/www.portasabertas.org.br\/listamundial\" target=\"_blank\" rel=\"noreferrer noopener\">Lista Mundial da Persegui\u00e7\u00e3o 2019<\/a>,&nbsp; Cuba&nbsp; comp\u00f5e o grupo de&nbsp;<a href=\"https:\/\/www.portasabertas.org.br\/categoria\/noticias\/alem-dos-50-paises-da-lista-mundial-da-perseguicao\" target=\"_blank\" rel=\"noreferrer noopener\">pa\u00edses em observa\u00e7\u00e3o<\/a>, ocupando a 59\u00aa posi\u00e7\u00e3o<\/p>\n\n\n\n<p><strong>Liberdade religiosa limitada<\/strong><\/p>\n\n\n\n<p>De acordo com os artigos 18 e 26 da Declara\u00e7\u00e3o Universal dos Direitos Humanos, os pais t\u00eam o direito de escolher a educa\u00e7\u00e3o que desejam para seus filhos, bem como reconhecer a liberdade de pensamento, consci\u00eancia e religi\u00e3o.<\/p>\n\n\n\n<p>A nova Constitui\u00e7\u00e3o cubana promulgada em abril de 2019, em seu artigo 57 reconhece a liberdade religiosa, mas isso \u00e9 limitado devido a diferentes impedimentos, incluindo que as denomina\u00e7\u00f5es religiosas n\u00e3o t\u00eam permiss\u00e3o para construir novos templos, conduzir a m\u00eddia para evangelizar ou pr\u00f3prios centros educacionais religiosos.<\/p>\n\n\n\n<p>O regime de educa\u00e7\u00e3o do regime cubano desde 1960 nacionalizou a educa\u00e7\u00e3o e se apropriou dos estabelecimentos de ensino em todo o pa\u00eds, impedindo que qualquer outro meio participasse da forma\u00e7\u00e3o do conhecimento da crian\u00e7a. O Estado desenvolveu um plano de doutrina\u00e7\u00e3o socialista atrav\u00e9s de faculdades e universidades.<\/p>\n\n\n\n<p><strong>CRIST\u00c3O CUBANO VISITA O BRASIL<\/strong><\/p>\n\n\n\n<p>Entre os dias 22 de agosto e 9 de setembro, o pastor Reginaldo*, de Cuba, estar\u00e1 visitando o Brasil, e far\u00e1 visitas em diversas igrejas, contando como \u00e9 ser crist\u00e3o em Cuba.<\/p>\n\n\n\n<p>*Nome alterado por motivo de seguran\u00e7a<\/p>\n","protected":false},"excerpt":{"rendered":"<p>A persegui\u00e7\u00e3o e viol\u00eancia contra crist\u00e3os \u00e9 evidente em Cuba. Apesar da Constitui\u00e7\u00e3o permitir a liberdade religiosa, as restri\u00e7\u00f5es contra pessoas, fam\u00edlias, casas e templos s\u00f3 aumenta \u201cEu via Meu pai todos os dias de manh\u00e3 rezando, ele rezava 3 vezes ao dia. Agora \u00e9 muito dif\u00edcil n\u00e3o v\u00ea-lo nem a minha m\u00e3e. Meu irm\u00e3o [&hellip;]<\/p>\n","protected":false},"author":2,"featured_media":3792,"comment_status":"open","ping_status":"open","sticky":false,"template":"","format":"standard","meta":[],"categories":[10,1],"tags":[],"_links":{"self":[{"href":"https:\/\/dgospel.com.br\/portal\/index.php\/wp-json\/wp\/v2\/posts\/3791"}],"collection":[{"href":"https:\/\/dgospel.com.br\/portal\/index.php\/wp-json\/wp\/v2\/posts"}],"about":[{"href":"https:\/\/dgospel.com.br\/portal\/index.php\/wp-json\/wp\/v2\/types\/post"}],"author":[{"embeddable":true,"href":"https:\/\/dgospel.com.br\/portal\/index.php\/wp-json\/wp\/v2\/users\/2"}],"replies":[{"embeddable":true,"href":"https:\/\/dgospel.com.br\/portal\/index.php\/wp-json\/wp\/v2\/comments?post=3791"}],"version-history":[{"count":1,"href":"https:\/\/dgospel.com.br\/portal\/index.php\/wp-json\/wp\/v2\/posts\/3791\/revisions"}],"predecessor-version":[{"id":3793,"href":"https:\/\/dgospel.com.br\/portal\/index.php\/wp-json\/wp\/v2\/posts\/3791\/revisions\/3793"}],"wp:featuredmedia":[{"embeddable":true,"href":"https:\/\/dgospel.com.br\/portal\/index.php\/wp-json\/wp\/v2\/media\/3792"}],"wp:attachment":[{"href":"https:\/\/dgospel.com.br\/portal\/index.php\/wp-json\/wp\/v2\/media?parent=3791"}],"wp:term":[{"taxonomy":"category","embeddable":true,"href":"https:\/\/dgospel.com.br\/portal\/index.php\/wp-json\/wp\/v2\/categories?post=3791"},{"taxonomy":"post_tag","embeddable":true,"href":"https:\/\/dgospel.com.br\/portal\/index.php\/wp-json\/wp\/v2\/tags?post=3791"}],"curies":[{"name":"wp","href":"https:\/\/api.w.org\/{rel}","templated":true}]}}