{"id":3794,"date":"2019-08-12T15:40:50","date_gmt":"2019-08-12T18:40:50","guid":{"rendered":"http:\/\/dgospel.com.br\/portal\/?p=3794"},"modified":"2019-08-12T15:40:52","modified_gmt":"2019-08-12T18:40:52","slug":"arma-de-fogo-e-330-municoes-sao-apreendidas-pela-policia-militar-em-palmas","status":"publish","type":"post","link":"https:\/\/dgospel.com.br\/portal\/index.php\/2019\/08\/12\/arma-de-fogo-e-330-municoes-sao-apreendidas-pela-policia-militar-em-palmas\/","title":{"rendered":"Arma de fogo e 330 muni\u00e7\u00f5es s\u00e3o apreendidas pela Pol\u00edcia Militar em Palmas"},"content":{"rendered":"\n<p>Ap\u00f3s den\u00fancias de disparo de arma de fogo contra um morador em Palmas, equipes da Rondas Ostensivas T\u00e1ticas Metropolitana (Rotam)&nbsp;localizaram a v\u00edtima juntamente com outras testemunhas, as quais relataram que uma pessoa numa camionete branca teria efetuado disparos contra a v\u00edtima e evadido para dentro de um condom\u00ednio, no Plano Diretor Sul.<\/p>\n\n\n\n<p>Ap\u00f3s informa\u00e7\u00f5es mais precisas do apartamento do autor, foi realizada&nbsp;abordagem t\u00e1tica especial. No local, foi identificado o autor que, ap\u00f3s interpelado pela equipe, assumiu o disparo. Durante busca residencial foi identificado&nbsp;uma pistola calibre 380, um saco com 330 muni\u00e7\u00f5es calibre 380, bem como uma muni\u00e7\u00e3o deflagrada. Foi dada&nbsp;voz de pris\u00e3o ao suspeito e o mesmo foi conduzido ao 1\u00ba Distrito Policial para os procedimentos cab\u00edveis. O autor foi enquadrado ainda pela amea\u00e7a \u00e0 v\u00edtima.<\/p>\n","protected":false},"excerpt":{"rendered":"<p>Ap\u00f3s den\u00fancias de disparo de arma de fogo contra um morador em Palmas, equipes da Rondas Ostensivas T\u00e1ticas Metropolitana (Rotam)&nbsp;localizaram a v\u00edtima juntamente com outras testemunhas, as quais relataram que uma pessoa numa camionete branca teria efetuado disparos contra a v\u00edtima e evadido para dentro de um condom\u00ednio, no Plano Diretor Sul. Ap\u00f3s informa\u00e7\u00f5es mais [&hellip;]<\/p>\n","protected":false},"author":2,"featured_media":3795,"comment_status":"open","ping_status":"open","sticky":false,"template":"","format":"standard","meta":[],"categories":[3],"tags":[],"_links":{"self":[{"href":"https:\/\/dgospel.com.br\/portal\/index.php\/wp-json\/wp\/v2\/posts\/3794"}],"collection":[{"href":"https:\/\/dgospel.com.br\/portal\/index.php\/wp-json\/wp\/v2\/posts"}],"about":[{"href":"https:\/\/dgospel.com.br\/portal\/index.php\/wp-json\/wp\/v2\/types\/post"}],"author":[{"embeddable":true,"href":"https:\/\/dgospel.com.br\/portal\/index.php\/wp-json\/wp\/v2\/users\/2"}],"replies":[{"embeddable":true,"href":"https:\/\/dgospel.com.br\/portal\/index.php\/wp-json\/wp\/v2\/comments?post=3794"}],"version-history":[{"count":1,"href":"https:\/\/dgospel.com.br\/portal\/index.php\/wp-json\/wp\/v2\/posts\/3794\/revisions"}],"predecessor-version":[{"id":3796,"href":"https:\/\/dgospel.com.br\/portal\/index.php\/wp-json\/wp\/v2\/posts\/3794\/revisions\/3796"}],"wp:featuredmedia":[{"embeddable":true,"href":"https:\/\/dgospel.com.br\/portal\/index.php\/wp-json\/wp\/v2\/media\/3795"}],"wp:attachment":[{"href":"https:\/\/dgospel.com.br\/portal\/index.php\/wp-json\/wp\/v2\/media?parent=3794"}],"wp:term":[{"taxonomy":"category","embeddable":true,"href":"https:\/\/dgospel.com.br\/portal\/index.php\/wp-json\/wp\/v2\/categories?post=3794"},{"taxonomy":"post_tag","embeddable":true,"href":"https:\/\/dgospel.com.br\/portal\/index.php\/wp-json\/wp\/v2\/tags?post=3794"}],"curies":[{"name":"wp","href":"https:\/\/api.w.org\/{rel}","templated":true}]}}