{"id":3800,"date":"2019-08-13T11:31:28","date_gmt":"2019-08-13T14:31:28","guid":{"rendered":"http:\/\/dgospel.com.br\/portal\/?p=3800"},"modified":"2019-08-13T11:31:29","modified_gmt":"2019-08-13T14:31:29","slug":"camara-de-deputados-presta-homenagem-pelos-160-anos-da-igreja-presbiteriana-do-brasil","status":"publish","type":"post","link":"https:\/\/dgospel.com.br\/portal\/index.php\/2019\/08\/13\/camara-de-deputados-presta-homenagem-pelos-160-anos-da-igreja-presbiteriana-do-brasil\/","title":{"rendered":"C\u00e2mara de Deputados presta homenagem pelos 160 anos da Igreja Presbiteriana do Brasil"},"content":{"rendered":"\n<p>A\u00a0<strong>Igreja Presbiteriana do Brasil (IPB)<\/strong>\u00a0recebe homenagem na C\u00e2mara de Deputados Federal, no Plen\u00e1rio Ulisses Guimar\u00e3es, nesta quarta-feira (14\/08), \u00e0s 11h, em raz\u00e3o dos 160 anos de organiza\u00e7\u00e3o no Brasil. A sess\u00e3o solene, de autoria do deputado federal Gilberto Nascimento, \u00e9 uma justa homenagem a mais antiga denomina\u00e7\u00e3o reformada do pa\u00eds, fundada pelo mission\u00e1rio Ashbel Green Simonton em 1859.<br><br>Atualmente, a IPB conta\u00a0com\u00a0igrejas, congrega\u00e7\u00f5es e pontos de prega\u00e7\u00e3o que compartilham o evangelho da gra\u00e7a com a popula\u00e7\u00e3o. A institui\u00e7\u00e3o exalta o diferencial de\u00a0sua denomina\u00e7\u00e3o que cr\u00ea na soberania e na salva\u00e7\u00e3o pela gra\u00e7a de Deus, que pensa no ser Humano integral e que precisa ser alcan\u00e7ado em todas as \u00e1reas de sua vida. Ao longo de todos esses anos sempre foi envolvida com obras sociais por todo o pa\u00eds e tendo a educa\u00e7\u00e3o como sua voca\u00e7\u00e3o.<br><br><strong>Servi\u00e7o<\/strong><br><strong>Sess\u00e3o solene<\/strong>na\u00a0<strong>C\u00e2mara de Deputados em homenagem aos 160 anos\u00a0<\/strong>Igreja Presbiteriana do Brasil (IPB)<\/p>\n\n\n\n<p><strong>Data:&nbsp;<\/strong>14\/08\/2019<\/p>\n\n\n\n<p><strong>Hor\u00e1rio:<\/strong>&nbsp;11h<br><strong>Local:<\/strong>&nbsp;Plen\u00e1rio Ulisses Guimar\u00e3es<br><strong>Endere\u00e7o:&nbsp;<\/strong>St. de Divulga\u00e7\u00e3o Cultural &#8211; Bras\u00edlia, 05 &#8211; DF<\/p>\n","protected":false},"excerpt":{"rendered":"<p>A\u00a0Igreja Presbiteriana do Brasil (IPB)\u00a0recebe homenagem na C\u00e2mara de Deputados Federal, no Plen\u00e1rio Ulisses Guimar\u00e3es, nesta quarta-feira (14\/08), \u00e0s 11h, em raz\u00e3o dos 160 anos de organiza\u00e7\u00e3o no Brasil. A sess\u00e3o solene, de autoria do deputado federal Gilberto Nascimento, \u00e9 uma justa homenagem a mais antiga denomina\u00e7\u00e3o reformada do pa\u00eds, fundada pelo mission\u00e1rio Ashbel Green [&hellip;]<\/p>\n","protected":false},"author":2,"featured_media":3801,"comment_status":"open","ping_status":"open","sticky":false,"template":"","format":"standard","meta":[],"categories":[8,5],"tags":[],"_links":{"self":[{"href":"https:\/\/dgospel.com.br\/portal\/index.php\/wp-json\/wp\/v2\/posts\/3800"}],"collection":[{"href":"https:\/\/dgospel.com.br\/portal\/index.php\/wp-json\/wp\/v2\/posts"}],"about":[{"href":"https:\/\/dgospel.com.br\/portal\/index.php\/wp-json\/wp\/v2\/types\/post"}],"author":[{"embeddable":true,"href":"https:\/\/dgospel.com.br\/portal\/index.php\/wp-json\/wp\/v2\/users\/2"}],"replies":[{"embeddable":true,"href":"https:\/\/dgospel.com.br\/portal\/index.php\/wp-json\/wp\/v2\/comments?post=3800"}],"version-history":[{"count":1,"href":"https:\/\/dgospel.com.br\/portal\/index.php\/wp-json\/wp\/v2\/posts\/3800\/revisions"}],"predecessor-version":[{"id":3802,"href":"https:\/\/dgospel.com.br\/portal\/index.php\/wp-json\/wp\/v2\/posts\/3800\/revisions\/3802"}],"wp:featuredmedia":[{"embeddable":true,"href":"https:\/\/dgospel.com.br\/portal\/index.php\/wp-json\/wp\/v2\/media\/3801"}],"wp:attachment":[{"href":"https:\/\/dgospel.com.br\/portal\/index.php\/wp-json\/wp\/v2\/media?parent=3800"}],"wp:term":[{"taxonomy":"category","embeddable":true,"href":"https:\/\/dgospel.com.br\/portal\/index.php\/wp-json\/wp\/v2\/categories?post=3800"},{"taxonomy":"post_tag","embeddable":true,"href":"https:\/\/dgospel.com.br\/portal\/index.php\/wp-json\/wp\/v2\/tags?post=3800"}],"curies":[{"name":"wp","href":"https:\/\/api.w.org\/{rel}","templated":true}]}}