{"id":3806,"date":"2019-08-15T12:13:49","date_gmt":"2019-08-15T15:13:49","guid":{"rendered":"http:\/\/dgospel.com.br\/portal\/?p=3806"},"modified":"2019-08-15T12:13:51","modified_gmt":"2019-08-15T15:13:51","slug":"camara-municipal-de-palmas-realiza-sessao-solene-em-homenagem-aos-42-anos-da-igreja-universal","status":"publish","type":"post","link":"https:\/\/dgospel.com.br\/portal\/index.php\/2019\/08\/15\/camara-municipal-de-palmas-realiza-sessao-solene-em-homenagem-aos-42-anos-da-igreja-universal\/","title":{"rendered":"C\u00e2mara Municipal de Palmas realiza Sess\u00e3o Solene em homenagem aos 42 anos da Igreja Universal"},"content":{"rendered":"\n<p>Em homenagem aos 42 anos da Igreja Universal do Reino de\nDeus, a C\u00e2mara Municipal de Palmas realizou Sess\u00e3o Solene na quarta-feira,14.\nAutor do pedido, o vereador Rog\u00e9rio Santos (PRB), homenageou com a entrega de\nplacas comemorativas e certificados diversos, l\u00edderes de grupos, respons\u00e1veis\npelo trabalho da institui\u00e7\u00e3o no Estado do Tocantins. O bispo Edson Gaspar, foi\num dos homenageados. Ele \u00e9 respons\u00e1vel pelo trabalho da Universal no Estado.<\/p>\n\n\n\n<p>Da tribuna, Edson Gaspar discorreu sobre a trajet\u00f3ria da\ninstitui\u00e7\u00e3o religiosa. \u201cA Igreja Universal faz 42 anos, a institui\u00e7\u00e3o teve\ninicio no Rio de Janeiro, \u00e9 bom que se diga, no meio da rua. N\u00e3o t\u00ednhamos\nsequer um templo, mas com a for\u00e7a, advinda da f\u00e9 inteligente, aliada ao sonho\nde Deus, deu origem a um movimento de f\u00e9 e, sobretudo, de salva\u00e7\u00e3o. A\nperseveran\u00e7a de seu fundador, o Bispo Edir Macedo, com sua vis\u00e3o \u00fanica pautada\ncom o objetivo de ganhar almas, a igreja chegou ao patamar que estamos hoje.\nPor isso n\u00f3s somos criticados, porque o mal sabe do nosso bom objetivo, a nossa\nboa inten\u00e7\u00e3o. A f\u00e9 nos faz seguir em frente, impulsiona a gente, por isso que a\nigreja \u00e9 o que \u00e9 hoje. Falem bem ou falem mal, mas fale da nossa igreja.\nAproveito a oportunidade para convidar todos os tocantinenses para participarem\nda inaugura\u00e7\u00e3o de nossa catedral, aqui em Palmas no dia 22 de setembro\u201d\nconvocou&nbsp; Gaspar.&nbsp;<\/p>\n\n\n\n<p>Em seu discurso, o autor do requerimento da sess\u00e3o solene,\no vereador Rogerio Santos, destacou o papel importante que a Igreja vem\ndesempenhando dentro da sociedade. \u201cA Universal, apesar de todas as\ndificuldades que a igreja enfrentou no in\u00edcio, conseguimos&nbsp; vencer e,\nhoje, atingimos o nosso objetivo. N\u00e3o em sua&nbsp; totalidade, pois&nbsp;\n&nbsp;sabemos que ainda t\u00eam muita alma pra ser ganha, no entanto, chegamos com a\nnossa palavra at\u00e9 os mais sofridos, os mais necessitados. N\u00f3s atendemos pessoas\nque precisam realmente de um suporte, pois atendemos viciados, detentos fora e\ndentro dos pres\u00eddios, pessoas abandonadas&nbsp; pela sociedade e ali elas\nencontram amparo, o poder de Deus. Temos apenas 42 anos e ajudar as pessoas\n\u00e9&nbsp; o nosso objetivo maior. Enquanto Jesus n\u00e3o voltar, n\u00f3s vamos continuar\ntrabalhando em prol dos menos favorecidos\u201d, concluiu Santos. &nbsp;<\/p>\n\n\n\n<p>&nbsp;A Igreja Universal do Reino de Deus conta hoje com\ncerca de dez milh\u00f5es de fi\u00e9is no Brasil distribu\u00eddos em sete mil tempos, al\u00e9m\nde representa\u00e7\u00f5es em 127 pa\u00edses, ocupando os cinco continentes. S\u00e3o realizados\nin\u00fameros projetos sociais, dentre eles, destacam-se aqueles voltados aos\ndependentes qu\u00edmicos e aos presidi\u00e1rios. A Universal tamb\u00e9m desenvolve\ntrabalhos junto \u00e0 fam\u00edlia, juventude, mulher, inf\u00e2ncia e idosos.<\/p>\n","protected":false},"excerpt":{"rendered":"<p>Em homenagem aos 42 anos da Igreja Universal do Reino de Deus, a C\u00e2mara Municipal de Palmas realizou Sess\u00e3o Solene na quarta-feira,14. Autor do pedido, o vereador Rog\u00e9rio Santos (PRB), homenageou com a entrega de placas comemorativas e certificados diversos, l\u00edderes de grupos, respons\u00e1veis pelo trabalho da institui\u00e7\u00e3o no Estado do Tocantins. O bispo Edson [&hellip;]<\/p>\n","protected":false},"author":2,"featured_media":3807,"comment_status":"open","ping_status":"open","sticky":false,"template":"","format":"standard","meta":[],"categories":[8,5],"tags":[],"_links":{"self":[{"href":"https:\/\/dgospel.com.br\/portal\/index.php\/wp-json\/wp\/v2\/posts\/3806"}],"collection":[{"href":"https:\/\/dgospel.com.br\/portal\/index.php\/wp-json\/wp\/v2\/posts"}],"about":[{"href":"https:\/\/dgospel.com.br\/portal\/index.php\/wp-json\/wp\/v2\/types\/post"}],"author":[{"embeddable":true,"href":"https:\/\/dgospel.com.br\/portal\/index.php\/wp-json\/wp\/v2\/users\/2"}],"replies":[{"embeddable":true,"href":"https:\/\/dgospel.com.br\/portal\/index.php\/wp-json\/wp\/v2\/comments?post=3806"}],"version-history":[{"count":1,"href":"https:\/\/dgospel.com.br\/portal\/index.php\/wp-json\/wp\/v2\/posts\/3806\/revisions"}],"predecessor-version":[{"id":3808,"href":"https:\/\/dgospel.com.br\/portal\/index.php\/wp-json\/wp\/v2\/posts\/3806\/revisions\/3808"}],"wp:featuredmedia":[{"embeddable":true,"href":"https:\/\/dgospel.com.br\/portal\/index.php\/wp-json\/wp\/v2\/media\/3807"}],"wp:attachment":[{"href":"https:\/\/dgospel.com.br\/portal\/index.php\/wp-json\/wp\/v2\/media?parent=3806"}],"wp:term":[{"taxonomy":"category","embeddable":true,"href":"https:\/\/dgospel.com.br\/portal\/index.php\/wp-json\/wp\/v2\/categories?post=3806"},{"taxonomy":"post_tag","embeddable":true,"href":"https:\/\/dgospel.com.br\/portal\/index.php\/wp-json\/wp\/v2\/tags?post=3806"}],"curies":[{"name":"wp","href":"https:\/\/api.w.org\/{rel}","templated":true}]}}