{"id":3815,"date":"2019-08-15T15:15:36","date_gmt":"2019-08-15T18:15:36","guid":{"rendered":"http:\/\/dgospel.com.br\/portal\/?p=3815"},"modified":"2019-08-15T15:15:38","modified_gmt":"2019-08-15T18:15:38","slug":"brasil-sediara-maior-evento-conservador-do-mundo","status":"publish","type":"post","link":"https:\/\/dgospel.com.br\/portal\/index.php\/2019\/08\/15\/brasil-sediara-maior-evento-conservador-do-mundo\/","title":{"rendered":"Brasil sediar\u00e1 &#8216;maior evento conservador do mundo&#8217;"},"content":{"rendered":"\n<p>O Brasil sediar\u00e1, em outubro, uma reuni\u00e3o da&nbsp;<strong><a href=\"https:\/\/guiame.com.br\/gospel\/missoes-acao-social\/esposa-do-pr-saeed-abedini-critica-obama-por-negociacao-com-ira-o-silencio-diante-do-mal-e-o-mal-em-si-mesmo.html\">Confer\u00eancia de A\u00e7\u00e3o Pol\u00edtica Conservadora<\/a><\/strong>&nbsp;(CPAC), o mais tradicional evento conservador nos EUA. A not\u00edcia foi dada pelo deputado&nbsp;<strong><a href=\"https:\/\/guiame.com.br\/gospel\/noticias\/eduardo-bolsonaro-se-reune-com-governo-trump-e-confirma-mudanca-de-embaixada-em-israel.html\">Eduardo Bolsonaro<\/a><\/strong>(PSL-SP) nesta quarta-feira (14).<\/p>\n\n\n\n<p>O parlamentar e filho do presidente Jair Bolsonaro disse em uma rede social que a confer\u00eancia no Brasil ocorrer\u00e1 nos dias 11 e 12 de outubro, em S\u00e3o Paulo.<\/p>\n\n\n\n<p>&#8220;\u00c9 com grande satisfa\u00e7\u00e3o que ap\u00f3s meses de trabalho anunciamos que o maior evento conservador do mundo, CPAC, ser\u00e1 realizado pela primeira vez no Brasil&#8221;, escreveu o deputado.<\/p>\n\n\n\n<p>&#8220;Em breve divulgaremos grandes nomes da direita mundial que se far\u00e3o presentes&#8221;, concluiu.&nbsp;<\/p>\n\n\n\n<p>O CPAC \u00e9 uma confer\u00eancia que ocorre todos os anos nos Estados Unidos, organizada pela Uni\u00e3o Conservadora Americana.<\/p>\n\n\n\n<p>As reuni\u00f5es nos Estados Unidos costumam receber as principais vozes do conservadorismo naquele pa\u00eds, sendo que o presidente&nbsp;<strong><a href=\"https:\/\/guiame.com.br\/gospel\/noticias\/trump-recebe-vitimas-de-perseguicao-religiosa-na-casa-branca.html\">Donald Trump<\/a><\/strong>&nbsp;foi o orador de honra de todas as edi\u00e7\u00f5es anuais desde que chegou \u00e0 Casa Branca.<\/p>\n\n\n\n<p>O evento ser\u00e1 uma esp\u00e9cie de filial da CPAC. Ter\u00e1 o selo oficial da confer\u00eancia conservadora, mas n\u00e3o ser\u00e1 o encontro anual \u2014 a edi\u00e7\u00e3o de 2019 nos EUA j\u00e1 ocorreu e a de 2020 tem data e local agendados.<\/p>\n\n\n\n<p>O evento em S\u00e3o Paulo faz parte de um plano de internacionaliza\u00e7\u00e3o da CPAC, disse Eduardo Bolsonaro \u00e0 Folha, que afirmou tamb\u00e9m que os convidados que viajar\u00e3o ao Brasil est\u00e3o em fase de negocia\u00e7\u00e3o.<\/p>\n\n\n\n<p>Ele afirmou ainda que o presidente Jair Bolsonaro deve participar do encontro em S\u00e3o Paulo.<\/p>\n\n\n\n<p>&#8220;Estamos pensando em trazer algumas personalidades de alto escal\u00e3o do governo Trump. N\u00e3o posso falar agora porque ainda est\u00e1 em fase de tratativas, quem est\u00e1 fazendo essa contrapartida s\u00e3o os americanos do CPAC. Mas certamente tem grandes nomes&#8221;, declarou o deputado.<\/p>\n\n\n\n<p>O \u00fanico participante confirmado at\u00e9 o momento pelo parlamentar foi Matt Schlapp, presidente da Uni\u00e3o Conservadora Americana.<\/p>\n\n\n\n<p>De acordo com Eduardo, o plano de internacionaliza\u00e7\u00e3o da organiza\u00e7\u00e3o conservadora inclui eventos com o &#8220;selo CPAC&#8221; j\u00e1 realizados no<strong><a href=\"https:\/\/guiame.com.br\/gospel\/mundo-cristao\/cineasta-brasileiro-conta-historias-sobre-deus-atraves-de-serie-de-tv.html\">&nbsp;Jap\u00e3o<\/a><\/strong>&nbsp;e na Austr\u00e1lia, al\u00e9m de uma poss\u00edvel reuni\u00e3o em Israel.&nbsp;<\/p>\n\n\n\n<p>O parlamentar tem se colocado como o principal interlocutor das ideias conservadoras de Trump na Am\u00e9rica do Sul. Eduardo tamb\u00e9m deve ser indicado pelo pai para ser o novo embaixador do Brasil nos EUA.<\/p>\n\n\n\n<p>Em dezembro, ele ajudou a organizar a C\u00fapula Conservadora das Am\u00e9ricas, um evento realizado em Foz do Igua\u00e7u (PR) e reuniu expoentes do ent\u00e3o governo eleito de Bolsonaro e ide\u00f3logos conservadores.<\/p>\n\n\n\n<p>\n\nFONTE: GUIAME, COM INFORMA\u00c7\u00d5ES DA FOLHA\n\n<\/p>\n","protected":false},"excerpt":{"rendered":"<p>O Brasil sediar\u00e1, em outubro, uma reuni\u00e3o da&nbsp;Confer\u00eancia de A\u00e7\u00e3o Pol\u00edtica Conservadora&nbsp;(CPAC), o mais tradicional evento conservador nos EUA. A not\u00edcia foi dada pelo deputado&nbsp;Eduardo Bolsonaro(PSL-SP) nesta quarta-feira (14). O parlamentar e filho do presidente Jair Bolsonaro disse em uma rede social que a confer\u00eancia no Brasil ocorrer\u00e1 nos dias 11 e 12 de outubro, [&hellip;]<\/p>\n","protected":false},"author":2,"featured_media":3816,"comment_status":"open","ping_status":"open","sticky":false,"template":"","format":"standard","meta":[],"categories":[10,4],"tags":[],"_links":{"self":[{"href":"https:\/\/dgospel.com.br\/portal\/index.php\/wp-json\/wp\/v2\/posts\/3815"}],"collection":[{"href":"https:\/\/dgospel.com.br\/portal\/index.php\/wp-json\/wp\/v2\/posts"}],"about":[{"href":"https:\/\/dgospel.com.br\/portal\/index.php\/wp-json\/wp\/v2\/types\/post"}],"author":[{"embeddable":true,"href":"https:\/\/dgospel.com.br\/portal\/index.php\/wp-json\/wp\/v2\/users\/2"}],"replies":[{"embeddable":true,"href":"https:\/\/dgospel.com.br\/portal\/index.php\/wp-json\/wp\/v2\/comments?post=3815"}],"version-history":[{"count":1,"href":"https:\/\/dgospel.com.br\/portal\/index.php\/wp-json\/wp\/v2\/posts\/3815\/revisions"}],"predecessor-version":[{"id":3817,"href":"https:\/\/dgospel.com.br\/portal\/index.php\/wp-json\/wp\/v2\/posts\/3815\/revisions\/3817"}],"wp:featuredmedia":[{"embeddable":true,"href":"https:\/\/dgospel.com.br\/portal\/index.php\/wp-json\/wp\/v2\/media\/3816"}],"wp:attachment":[{"href":"https:\/\/dgospel.com.br\/portal\/index.php\/wp-json\/wp\/v2\/media?parent=3815"}],"wp:term":[{"taxonomy":"category","embeddable":true,"href":"https:\/\/dgospel.com.br\/portal\/index.php\/wp-json\/wp\/v2\/categories?post=3815"},{"taxonomy":"post_tag","embeddable":true,"href":"https:\/\/dgospel.com.br\/portal\/index.php\/wp-json\/wp\/v2\/tags?post=3815"}],"curies":[{"name":"wp","href":"https:\/\/api.w.org\/{rel}","templated":true}]}}