{"id":3818,"date":"2019-08-15T15:34:27","date_gmt":"2019-08-15T18:34:27","guid":{"rendered":"http:\/\/dgospel.com.br\/portal\/?p=3818"},"modified":"2019-08-15T15:34:29","modified_gmt":"2019-08-15T18:34:29","slug":"bolsonaro-manda-suspender-uso-de-radares-nas-rodovias-federais","status":"publish","type":"post","link":"https:\/\/dgospel.com.br\/portal\/index.php\/2019\/08\/15\/bolsonaro-manda-suspender-uso-de-radares-nas-rodovias-federais\/","title":{"rendered":"Bolsonaro manda suspender uso de radares nas rodovias federais"},"content":{"rendered":"\n<p>O Presidente da Rep\u00fablica, Jair Bolsonaro, determina ao Minist\u00e9rio da Justi\u00e7a e Seguran\u00e7a P\u00fablica, por meio de despachos publicados hoje (15) no&nbsp;<a href=\"http:\/\/www.in.gov.br\/web\/dou\/-\/despachos-do-presidente-da-republica-210740855\" target=\"_blank\" rel=\"noreferrer noopener\">Di\u00e1rio Oficial da Uni\u00e3o<\/a>, que suspenda o uso de radares fixos, m\u00f3veis e port\u00e1teis at\u00e9 que o Minist\u00e9rio da Infraestrutura \u201cconclua a reavalia\u00e7\u00e3o da regulamenta\u00e7\u00e3o dos procedimentos de fiscaliza\u00e7\u00e3o eletr\u00f4nica de velocidade em vias p\u00fablicas\u201d.<\/p>\n\n\n\n<p>De acordo com o documento, a medida tem por objetivo \u201cevitar o desvirtuamento do car\u00e1ter pedag\u00f3gico e a utiliza\u00e7\u00e3o meramente arrecadat\u00f3ria dos instrumentos e equipamentos medidores de velocidade\u201d.<\/p>\n\n\n\n<p>O despacho do presidente pede tamb\u00e9m que o minist\u00e9rio \u201cproceda \u00e0 revis\u00e3o dos atos normativos internos que disp\u00f5em sobre a atividade de fiscaliza\u00e7\u00e3o eletr\u00f4nica de velocidade em rodovias e estradas federais pela Pol\u00edcia Rodovi\u00e1ria Federal.<\/p>\n\n\n\n<p><strong>Fonte: Ag\u00eancia Brasil &#8211; Foto: Divulga\u00e7\u00e3o Ag\u00eancia Brasil<\/strong>\u00a0| <\/p>\n","protected":false},"excerpt":{"rendered":"<p>O Presidente da Rep\u00fablica, Jair Bolsonaro, determina ao Minist\u00e9rio da Justi\u00e7a e Seguran\u00e7a P\u00fablica, por meio de despachos publicados hoje (15) no&nbsp;Di\u00e1rio Oficial da Uni\u00e3o, que suspenda o uso de radares fixos, m\u00f3veis e port\u00e1teis at\u00e9 que o Minist\u00e9rio da Infraestrutura \u201cconclua a reavalia\u00e7\u00e3o da regulamenta\u00e7\u00e3o dos procedimentos de fiscaliza\u00e7\u00e3o eletr\u00f4nica de velocidade em vias [&hellip;]<\/p>\n","protected":false},"author":2,"featured_media":3819,"comment_status":"open","ping_status":"open","sticky":false,"template":"","format":"standard","meta":[],"categories":[6,4],"tags":[],"_links":{"self":[{"href":"https:\/\/dgospel.com.br\/portal\/index.php\/wp-json\/wp\/v2\/posts\/3818"}],"collection":[{"href":"https:\/\/dgospel.com.br\/portal\/index.php\/wp-json\/wp\/v2\/posts"}],"about":[{"href":"https:\/\/dgospel.com.br\/portal\/index.php\/wp-json\/wp\/v2\/types\/post"}],"author":[{"embeddable":true,"href":"https:\/\/dgospel.com.br\/portal\/index.php\/wp-json\/wp\/v2\/users\/2"}],"replies":[{"embeddable":true,"href":"https:\/\/dgospel.com.br\/portal\/index.php\/wp-json\/wp\/v2\/comments?post=3818"}],"version-history":[{"count":1,"href":"https:\/\/dgospel.com.br\/portal\/index.php\/wp-json\/wp\/v2\/posts\/3818\/revisions"}],"predecessor-version":[{"id":3820,"href":"https:\/\/dgospel.com.br\/portal\/index.php\/wp-json\/wp\/v2\/posts\/3818\/revisions\/3820"}],"wp:featuredmedia":[{"embeddable":true,"href":"https:\/\/dgospel.com.br\/portal\/index.php\/wp-json\/wp\/v2\/media\/3819"}],"wp:attachment":[{"href":"https:\/\/dgospel.com.br\/portal\/index.php\/wp-json\/wp\/v2\/media?parent=3818"}],"wp:term":[{"taxonomy":"category","embeddable":true,"href":"https:\/\/dgospel.com.br\/portal\/index.php\/wp-json\/wp\/v2\/categories?post=3818"},{"taxonomy":"post_tag","embeddable":true,"href":"https:\/\/dgospel.com.br\/portal\/index.php\/wp-json\/wp\/v2\/tags?post=3818"}],"curies":[{"name":"wp","href":"https:\/\/api.w.org\/{rel}","templated":true}]}}