{"id":3821,"date":"2019-08-15T15:38:33","date_gmt":"2019-08-15T18:38:33","guid":{"rendered":"http:\/\/dgospel.com.br\/portal\/?p=3821"},"modified":"2019-08-15T15:38:34","modified_gmt":"2019-08-15T18:38:34","slug":"vice-governador-afirma-que-superavit-no-1o-semestre-e-fruto-da-austeridade-adotada-pelo-executivo","status":"publish","type":"post","link":"https:\/\/dgospel.com.br\/portal\/index.php\/2019\/08\/15\/vice-governador-afirma-que-superavit-no-1o-semestre-e-fruto-da-austeridade-adotada-pelo-executivo\/","title":{"rendered":"Vice-governador afirma que super\u00e1vit no 1\u00ba semestre \u00e9 fruto da austeridade adotada pelo Executivo"},"content":{"rendered":"\n<p>O vice-governador do Tocantins, Wanderlei Barbosa, comemorou o super\u00e1vit alcan\u00e7ado pelo Governo no primeiro semestre deste ano. O resultado vai propiciar a retomada de investimento nos setores impactados pelo contingenciamento decretado pelo executivo em maio deste ano.<\/p>\n\n\n\n<p>De acordo com Wanderlei Barbosa, o resultado positivo de R$ 40 milh\u00f5es (gastou menos que arrecadou) \u00e9 fruto da das medidas adotadas pelo governador Mauro Carlesse desde o in\u00edcio do ano. Na avalia\u00e7\u00e3o do Vice-governador, al\u00e9m da reforma administrativa, houve redu\u00e7\u00e3o de despesas em todos os setores, entre \u00e1gua, energia, aluguel, combust\u00edveis e material de expediente. &#8220;\u00c9 uma alegria ver toda equipe do Governo empenhada na busca do ajuste fiscal e do controle das despesas\u201d, comemora.<\/p>\n\n\n\n<p>Para Wanderlei Barbosa, o super\u00e1vit financeiro de 40 milh\u00f5es reflete a compet\u00eancia administrativa e a seriedade do Governo do Tocantins e, com isso, o Estado vai deixar de fazer contingenciamento do seu or\u00e7amento. \u201cCom as medidas colocadas em pr\u00e1tica pelo governador, vamos poder aplicar o recurso em diversas \u00e1reas, beneficiando a popula\u00e7\u00e3o\u201d, enfatizou.<\/p>\n\n\n\n<p>O vice-governador disse ainda que os recursos ser\u00e3o transformados em melhorias na Sa\u00fade, Educa\u00e7\u00e3o, Seguran\u00e7a P\u00fablica e na manuten\u00e7\u00e3o do repasse do duod\u00e9cimo aos demais poderes.<\/p>\n","protected":false},"excerpt":{"rendered":"<p>O vice-governador do Tocantins, Wanderlei Barbosa, comemorou o super\u00e1vit alcan\u00e7ado pelo Governo no primeiro semestre deste ano. O resultado vai propiciar a retomada de investimento nos setores impactados pelo contingenciamento decretado pelo executivo em maio deste ano. De acordo com Wanderlei Barbosa, o resultado positivo de R$ 40 milh\u00f5es (gastou menos que arrecadou) \u00e9 fruto [&hellip;]<\/p>\n","protected":false},"author":2,"featured_media":3822,"comment_status":"open","ping_status":"open","sticky":false,"template":"","format":"standard","meta":[],"categories":[3],"tags":[],"_links":{"self":[{"href":"https:\/\/dgospel.com.br\/portal\/index.php\/wp-json\/wp\/v2\/posts\/3821"}],"collection":[{"href":"https:\/\/dgospel.com.br\/portal\/index.php\/wp-json\/wp\/v2\/posts"}],"about":[{"href":"https:\/\/dgospel.com.br\/portal\/index.php\/wp-json\/wp\/v2\/types\/post"}],"author":[{"embeddable":true,"href":"https:\/\/dgospel.com.br\/portal\/index.php\/wp-json\/wp\/v2\/users\/2"}],"replies":[{"embeddable":true,"href":"https:\/\/dgospel.com.br\/portal\/index.php\/wp-json\/wp\/v2\/comments?post=3821"}],"version-history":[{"count":1,"href":"https:\/\/dgospel.com.br\/portal\/index.php\/wp-json\/wp\/v2\/posts\/3821\/revisions"}],"predecessor-version":[{"id":3823,"href":"https:\/\/dgospel.com.br\/portal\/index.php\/wp-json\/wp\/v2\/posts\/3821\/revisions\/3823"}],"wp:featuredmedia":[{"embeddable":true,"href":"https:\/\/dgospel.com.br\/portal\/index.php\/wp-json\/wp\/v2\/media\/3822"}],"wp:attachment":[{"href":"https:\/\/dgospel.com.br\/portal\/index.php\/wp-json\/wp\/v2\/media?parent=3821"}],"wp:term":[{"taxonomy":"category","embeddable":true,"href":"https:\/\/dgospel.com.br\/portal\/index.php\/wp-json\/wp\/v2\/categories?post=3821"},{"taxonomy":"post_tag","embeddable":true,"href":"https:\/\/dgospel.com.br\/portal\/index.php\/wp-json\/wp\/v2\/tags?post=3821"}],"curies":[{"name":"wp","href":"https:\/\/api.w.org\/{rel}","templated":true}]}}