{"id":3824,"date":"2019-08-15T16:01:53","date_gmt":"2019-08-15T19:01:53","guid":{"rendered":"http:\/\/dgospel.com.br\/portal\/?p=3824"},"modified":"2019-08-15T16:01:55","modified_gmt":"2019-08-15T19:01:55","slug":"concessionarias-so-poderao-cortar-agua-e-energia-de-clientes-apos-fatura-atingir-60-dias-de-atraso-no-tocantins","status":"publish","type":"post","link":"https:\/\/dgospel.com.br\/portal\/index.php\/2019\/08\/15\/concessionarias-so-poderao-cortar-agua-e-energia-de-clientes-apos-fatura-atingir-60-dias-de-atraso-no-tocantins\/","title":{"rendered":"Concession\u00e1rias s\u00f3 poder\u00e3o cortar \u00e1gua e energia de clientes ap\u00f3s fatura atingir 60 dias de atraso no Tocantins"},"content":{"rendered":"\n<p>As concessionarias de \u00e1gua e energia no Tocantins agora s\u00f3\npoder\u00e3o suspender o fornecimento dos servi\u00e7os, em caso de falta de pagamento,\nse a fatura do cliente estiver com pelo menos 60 dias de atraso. A lei que\nregulamenta o tema foi aprovada na Assembleia Legislativa e sancionada pelo\ngoverno do estado. A publica\u00e7\u00e3o est\u00e1 no Di\u00e1rio Oficial desta quarta-feira (14).<\/p>\n\n\n\n<p>Conforme o texto da\nlei, a contagem do prazo ser\u00e1 em dias corridos a partir do vencimento da\nfatura, ou seja, contando tamb\u00e9m os s\u00e1bados, domingos e feriados. A lei \u00e9 de\nautoria do deputado Jorge Frederico e est\u00e1 valendo.<\/p>\n\n\n\n<p>A BRK Ambiental, que\nfornece \u00e1gua para 57 munic\u00edpios do Tocantins, informou que &#8220;o corte por\nfalta de pagamento segue as determina\u00e7\u00f5es da regula\u00e7\u00e3o estadual dos servi\u00e7os. A\nempresa ir\u00e1 avaliar os impactos da nova lei e quais a\u00e7\u00f5es ser\u00e3o adotadas&#8221;.<\/p>\n\n\n\n<p>A Ag\u00eancia Tocantinense\nde Regula\u00e7\u00e3o (ATS), respons\u00e1vel pelo fornecimento de \u00e1gua em v\u00e1rias cidades do\nestado, informou que &#8220;vai cumprir a nova lei&#8221;.<\/p>\n\n\n\n<p>O&nbsp;<strong>G1&nbsp;<\/strong>ainda<strong>&nbsp;<\/strong>aguarda\nposicionamento da Energisa, respons\u00e1vel pela energia do estado.<\/p>\n\n\n\n<h2>Outra lei<\/h2>\n\n\n\n<p>Esta \u00e9 a segunda norma publicada nos \u00faltimos meses\u00a0<a href=\"https:\/\/g1.globo.com\/to\/tocantins\/noticia\/2019\/06\/20\/lei-que-proibe-cobranca-da-taxa-de-religacao-de-agua-e-energia-comeca-a-valer.ghtml\"><strong>que busca regular esse tipo de servi\u00e7o no estado<\/strong><\/a>. Em junho, a Assembleia Legislativa tamb\u00e9m aprovou um texto que pro\u00edbe as concession\u00e1rias de cobrar taxa de religa\u00e7\u00e3o dos servi\u00e7os.<\/p>\n\n\n\n<p>\n\nA norma tamb\u00e9m reduzir para seis horas o prazo para que o fornecimento seja restabelecido.\n\n<\/p>\n\n\n\n<p>Na \u00e9poca, a BRK Ambiental, que fornece \u00e1gua par 47 cidades do Tocantins, afirmou que a compet\u00eancia para o assunto seria da ag\u00eancia reguladora estadual. Por outro lado a Energisa, afirmou que a lei era inconstitucional.<\/p>\n\n\n\n<p>Fonte: G1  Tocantins <\/p>\n","protected":false},"excerpt":{"rendered":"<p>As concessionarias de \u00e1gua e energia no Tocantins agora s\u00f3 poder\u00e3o suspender o fornecimento dos servi\u00e7os, em caso de falta de pagamento, se a fatura do cliente estiver com pelo menos 60 dias de atraso. A lei que regulamenta o tema foi aprovada na Assembleia Legislativa e sancionada pelo governo do estado. A publica\u00e7\u00e3o est\u00e1 [&hellip;]<\/p>\n","protected":false},"author":2,"featured_media":3825,"comment_status":"open","ping_status":"open","sticky":false,"template":"","format":"standard","meta":[],"categories":[3],"tags":[],"_links":{"self":[{"href":"https:\/\/dgospel.com.br\/portal\/index.php\/wp-json\/wp\/v2\/posts\/3824"}],"collection":[{"href":"https:\/\/dgospel.com.br\/portal\/index.php\/wp-json\/wp\/v2\/posts"}],"about":[{"href":"https:\/\/dgospel.com.br\/portal\/index.php\/wp-json\/wp\/v2\/types\/post"}],"author":[{"embeddable":true,"href":"https:\/\/dgospel.com.br\/portal\/index.php\/wp-json\/wp\/v2\/users\/2"}],"replies":[{"embeddable":true,"href":"https:\/\/dgospel.com.br\/portal\/index.php\/wp-json\/wp\/v2\/comments?post=3824"}],"version-history":[{"count":1,"href":"https:\/\/dgospel.com.br\/portal\/index.php\/wp-json\/wp\/v2\/posts\/3824\/revisions"}],"predecessor-version":[{"id":3826,"href":"https:\/\/dgospel.com.br\/portal\/index.php\/wp-json\/wp\/v2\/posts\/3824\/revisions\/3826"}],"wp:featuredmedia":[{"embeddable":true,"href":"https:\/\/dgospel.com.br\/portal\/index.php\/wp-json\/wp\/v2\/media\/3825"}],"wp:attachment":[{"href":"https:\/\/dgospel.com.br\/portal\/index.php\/wp-json\/wp\/v2\/media?parent=3824"}],"wp:term":[{"taxonomy":"category","embeddable":true,"href":"https:\/\/dgospel.com.br\/portal\/index.php\/wp-json\/wp\/v2\/categories?post=3824"},{"taxonomy":"post_tag","embeddable":true,"href":"https:\/\/dgospel.com.br\/portal\/index.php\/wp-json\/wp\/v2\/tags?post=3824"}],"curies":[{"name":"wp","href":"https:\/\/api.w.org\/{rel}","templated":true}]}}