{"id":3828,"date":"2019-08-17T09:49:53","date_gmt":"2019-08-17T12:49:53","guid":{"rendered":"http:\/\/dgospel.com.br\/portal\/?p=3828"},"modified":"2019-08-17T09:49:55","modified_gmt":"2019-08-17T12:49:55","slug":"prf-determina-cumprimento-da-suspensao-e-recolhimento-dos-radares-moveis-nas-estradas-federais","status":"publish","type":"post","link":"https:\/\/dgospel.com.br\/portal\/index.php\/2019\/08\/17\/prf-determina-cumprimento-da-suspensao-e-recolhimento-dos-radares-moveis-nas-estradas-federais\/","title":{"rendered":"PRF determina cumprimento da suspens\u00e3o e recolhimento dos radares m\u00f3veis nas estradas federais"},"content":{"rendered":"\n<p>A Pol\u00edcia Rodovi\u00e1ria Federal (PRF) emitiu, nesta quinta-feira (15), um of\u00edcio que determina o cumprimento imediato da suspens\u00e3o da fiscaliza\u00e7\u00e3o feita por radares est\u00e1ticos, m\u00f3veis e port\u00e1teis nas estradas federais.<\/p>\n\n\n\n<p>Por meio de nota, a PRF informou que esta decis\u00e3o administrativa determina que todos os gestores e servidores da pol\u00edcia adotem as provid\u00eancias necess\u00e1rias para o imediato cumprimento da decis\u00e3o administrativa da Presid\u00eancia da Rep\u00fablica, publicada no Di\u00e1rio Oficial da Uni\u00e3o, nesta quinta-feira (15).<\/p>\n\n\n\n<p>A ordem prev\u00ea interrup\u00e7\u00e3o do uso e o recolhimento dos medidores de velocidade, at\u00e9 que o Minist\u00e9rio da Infraestrutura conclua a reavalia\u00e7\u00e3o da regulamenta\u00e7\u00e3o dos procedimentos de fiscaliza\u00e7\u00e3o eletr\u00f4nica de velocidade em vias p\u00fablicas.<\/p>\n\n\n\n<p>De acordo com a norma publicada no Di\u00e1rio Oficial da Uni\u00e3o, a medida tem por objetivo \u201cevitar o desvirtuamento do car\u00e1ter pedag\u00f3gico e a utiliza\u00e7\u00e3o meramente arrecadat\u00f3ria dos instrumentos e equipamentos medidores de velocidade\u201d.<\/p>\n\n\n\n<p>Vale lembrar que esta medida n\u00e3o vale para radares fixos, que v\u00e3o continuar funcionando.<\/p>\n","protected":false},"excerpt":{"rendered":"<p>A Pol\u00edcia Rodovi\u00e1ria Federal (PRF) emitiu, nesta quinta-feira (15), um of\u00edcio que determina o cumprimento imediato da suspens\u00e3o da fiscaliza\u00e7\u00e3o feita por radares est\u00e1ticos, m\u00f3veis e port\u00e1teis nas estradas federais. Por meio de nota, a PRF informou que esta decis\u00e3o administrativa determina que todos os gestores e servidores da pol\u00edcia adotem as provid\u00eancias necess\u00e1rias para [&hellip;]<\/p>\n","protected":false},"author":2,"featured_media":3829,"comment_status":"open","ping_status":"open","sticky":false,"template":"","format":"standard","meta":[],"categories":[6],"tags":[],"_links":{"self":[{"href":"https:\/\/dgospel.com.br\/portal\/index.php\/wp-json\/wp\/v2\/posts\/3828"}],"collection":[{"href":"https:\/\/dgospel.com.br\/portal\/index.php\/wp-json\/wp\/v2\/posts"}],"about":[{"href":"https:\/\/dgospel.com.br\/portal\/index.php\/wp-json\/wp\/v2\/types\/post"}],"author":[{"embeddable":true,"href":"https:\/\/dgospel.com.br\/portal\/index.php\/wp-json\/wp\/v2\/users\/2"}],"replies":[{"embeddable":true,"href":"https:\/\/dgospel.com.br\/portal\/index.php\/wp-json\/wp\/v2\/comments?post=3828"}],"version-history":[{"count":1,"href":"https:\/\/dgospel.com.br\/portal\/index.php\/wp-json\/wp\/v2\/posts\/3828\/revisions"}],"predecessor-version":[{"id":3830,"href":"https:\/\/dgospel.com.br\/portal\/index.php\/wp-json\/wp\/v2\/posts\/3828\/revisions\/3830"}],"wp:featuredmedia":[{"embeddable":true,"href":"https:\/\/dgospel.com.br\/portal\/index.php\/wp-json\/wp\/v2\/media\/3829"}],"wp:attachment":[{"href":"https:\/\/dgospel.com.br\/portal\/index.php\/wp-json\/wp\/v2\/media?parent=3828"}],"wp:term":[{"taxonomy":"category","embeddable":true,"href":"https:\/\/dgospel.com.br\/portal\/index.php\/wp-json\/wp\/v2\/categories?post=3828"},{"taxonomy":"post_tag","embeddable":true,"href":"https:\/\/dgospel.com.br\/portal\/index.php\/wp-json\/wp\/v2\/tags?post=3828"}],"curies":[{"name":"wp","href":"https:\/\/api.w.org\/{rel}","templated":true}]}}