{"id":383,"date":"2018-05-29T08:42:49","date_gmt":"2018-05-29T11:42:49","guid":{"rendered":"http:\/\/dgospel.com.br\/portal\/?p=383"},"modified":"2018-05-29T09:07:17","modified_gmt":"2018-05-29T12:07:17","slug":"prefeitura-de-palmas-manifesta-contra-a-greve-dos-caminheiros-quer-que-o-estado-usa-a-forca-policial-para-reabastecer-postos-da-cidade","status":"publish","type":"post","link":"https:\/\/dgospel.com.br\/portal\/index.php\/2018\/05\/29\/prefeitura-de-palmas-manifesta-contra-a-greve-dos-caminheiros-quer-que-o-estado-usa-a-forca-policial-para-reabastecer-postos-da-cidade\/","title":{"rendered":"Prefeitura de Palmas manifesta contra a greve dos caminhoneiros e pede que o Estado usa a for\u00e7a policial para reabastecer postos da cidade"},"content":{"rendered":"<p>Prefeitura de Palmas manifesta contra a greve dos caminheiros e pediu que a Justi\u00e7a obrigue o Governo do Tocantins a utilizar a Pol\u00edcia Militar para garantir o reabastecimento dos postos da cidade. Palmas foi a primeira capital que ficou completamente desabastecida durante a greve dos caminhoneiros e n\u00e3o recebe nenhuma gota de combust\u00edvel desde a semana passada.<\/p>\n<p style=\"font-style: inherit; font-weight: inherit;\" data-track-category=\"Link no Texto\" data-track-links=\"\">Na noite de s\u00e1bado (26) e nesta segunda-feira (28)\u00a0<strong>alguns caminh\u00f5es-tanque chegaram a ser escolatados pela PRF at\u00e9 a capital<\/strong>, \u00a0mas eles foram utilizados para reabastecer os ve\u00edculos do transporte p\u00fablico, os servi\u00e7os essenciais e o aeroporto. Nenhum dos 54 postos recebeu qualquer tipo de combust\u00edvel.<\/p>\n<p style=\"font-style: inherit; font-weight: inherit;\" data-track-category=\"Link no Texto\" data-track-links=\"\">O Governo Federal emitiu um decreto que autoriza os governadores a utilizarem for\u00e7a policial nas rodovias, mas o governador interino do Tocantins, Mauro Carlesse (PHS), se manifestou a favor das manifesta\u00e7\u00f5es e descartou o uso da PM e disse que a corpora\u00e7\u00e3o serve apenas para fazer a seguran\u00e7a da popula\u00e7\u00e3o.<\/p>\n<p>&nbsp;<\/p>\n<p>Com informa\u00e7\u00e3o do G1TO<\/p>\n","protected":false},"excerpt":{"rendered":"<p>Prefeitura de Palmas manifesta contra a greve dos caminheiros e pediu que a Justi\u00e7a obrigue o Governo do Tocantins a utilizar a Pol\u00edcia Militar para garantir o reabastecimento dos postos da cidade. Palmas foi a primeira capital que ficou completamente desabastecida durante a greve dos caminhoneiros e n\u00e3o recebe nenhuma gota de combust\u00edvel desde a [&hellip;]<\/p>\n","protected":false},"author":2,"featured_media":384,"comment_status":"open","ping_status":"open","sticky":false,"template":"","format":"standard","meta":[],"categories":[2,3],"tags":[],"_links":{"self":[{"href":"https:\/\/dgospel.com.br\/portal\/index.php\/wp-json\/wp\/v2\/posts\/383"}],"collection":[{"href":"https:\/\/dgospel.com.br\/portal\/index.php\/wp-json\/wp\/v2\/posts"}],"about":[{"href":"https:\/\/dgospel.com.br\/portal\/index.php\/wp-json\/wp\/v2\/types\/post"}],"author":[{"embeddable":true,"href":"https:\/\/dgospel.com.br\/portal\/index.php\/wp-json\/wp\/v2\/users\/2"}],"replies":[{"embeddable":true,"href":"https:\/\/dgospel.com.br\/portal\/index.php\/wp-json\/wp\/v2\/comments?post=383"}],"version-history":[{"count":4,"href":"https:\/\/dgospel.com.br\/portal\/index.php\/wp-json\/wp\/v2\/posts\/383\/revisions"}],"predecessor-version":[{"id":391,"href":"https:\/\/dgospel.com.br\/portal\/index.php\/wp-json\/wp\/v2\/posts\/383\/revisions\/391"}],"wp:featuredmedia":[{"embeddable":true,"href":"https:\/\/dgospel.com.br\/portal\/index.php\/wp-json\/wp\/v2\/media\/384"}],"wp:attachment":[{"href":"https:\/\/dgospel.com.br\/portal\/index.php\/wp-json\/wp\/v2\/media?parent=383"}],"wp:term":[{"taxonomy":"category","embeddable":true,"href":"https:\/\/dgospel.com.br\/portal\/index.php\/wp-json\/wp\/v2\/categories?post=383"},{"taxonomy":"post_tag","embeddable":true,"href":"https:\/\/dgospel.com.br\/portal\/index.php\/wp-json\/wp\/v2\/tags?post=383"}],"curies":[{"name":"wp","href":"https:\/\/api.w.org\/{rel}","templated":true}]}}