{"id":3831,"date":"2019-08-17T09:52:55","date_gmt":"2019-08-17T12:52:55","guid":{"rendered":"http:\/\/dgospel.com.br\/portal\/?p=3831"},"modified":"2019-08-17T09:52:56","modified_gmt":"2019-08-17T12:52:56","slug":"igreja-presbiteriana-do-brasil-completa-160-anos-e-e-homenageada-em-sessao-solene-no-congresso-nacional","status":"publish","type":"post","link":"https:\/\/dgospel.com.br\/portal\/index.php\/2019\/08\/17\/igreja-presbiteriana-do-brasil-completa-160-anos-e-e-homenageada-em-sessao-solene-no-congresso-nacional\/","title":{"rendered":"Igreja Presbiteriana do Brasil completa 160 anos e \u00e9 homenageada em sess\u00e3o solene no Congresso Nacional"},"content":{"rendered":"\n<p>\n\nA C\u00e2mara dos Deputados prestou na quarta-feira (14), em Bras\u00edlia, no Plen\u00e1rio Ulysses Guimar\u00e3es, uma homenagem \u00e0 Igreja Presbiteriana do Brasil (IPB), em comemora\u00e7\u00e3o aos seus 160 anos, completados na segunda-feira, dia 12 de agosto. O local mais nobre do Congresso Nacional, ao lado do Plen\u00e1rio Ruy Barbosa, do Senado Federal, onde s\u00e3o deliberadas as quest\u00f5es mais importantes do pa\u00eds, sediou uma Sess\u00e3o Solene dedicada \u00e0 IPB, com a participa\u00e7\u00e3o de parlamentares de diversas legendas, convidados de outras igrejas, funcion\u00e1rios de gabinetes e servidores. O presidente do Supremo Conc\u00edlio da IPB, reverendo Roberto Brasileiro, e o diretor-presidente do Instituto Presbiteriano Mackenzie (IPM), Jos\u00e9 In\u00e1cio Ramos, compuseram a mesa da sess\u00e3o, presidida e organizada pelo deputado Gilberto Nascimento (PSC-SP).<\/p>\n\n\n\n<p>Ao longo do evento, mais de dez deputados da casa, al\u00e9m de representantes do governo do Distrito Federal e de minist\u00e9rios do governo Federal subiram \u00e0 tribuna do plen\u00e1rio para discursar a respeito da hist\u00f3ria da IPB e destacar os feitos da Igreja em benef\u00edcio da sociedade, lembrando a import\u00e2ncia da atua\u00e7\u00e3o presbiteriana no Brasil no campo educacional e de sa\u00fade p\u00fablica.<\/p>\n\n\n\n<p>\u201cEntendemos o trabalho social que a igreja tem feito e, acima de tudo, o trabalho espiritual que ela faz. Nenhuma institui\u00e7\u00e3o sobrevive por 160 anos sem falar a verdade e se n\u00e3o tiver propostas e prop\u00f3sitos. \u00c9 uma Igreja fundamentada nos pilares do evangelho e que tamb\u00e9m por tudo isso arrebanha milhares de pessoas no Brasil e no mundo\u201d, comentou Gilberto Nascimento, acrescentando: \u201cessa sess\u00e3o, hoje, \u00e9 o reconhecimento da sociedade, do pa\u00eds. Essa casa representa o povo brasileiro, ent\u00e3o, na hora em que voc\u00ea est\u00e1 fazendo uma sess\u00e3o nessa casa \u00e9 o povo brasileiro dizendo que reconhece, agradece e apoia esse trabalho\u201d.<\/p>\n\n\n\n<p>O Coral da IPB Nacional se apresentou durante evento, em duas ocasi\u00f5es, sendo uma ao lado da Banda de M\u00fasica da Ala 1, da Base A\u00e9rea de Bras\u00edlia &#8211; especificamente no hino \u201cTu \u00e9s fiel\u201d. \u201cA igreja nunca abandonou o seu alvo, o seu prop\u00f3sito, que \u00e9 a prega\u00e7\u00e3o do evangelho. Os demais projetos, escolas e semin\u00e1rios, na \u00e1rea de educa\u00e7\u00e3o, e a aten\u00e7\u00e3o na \u00e1rea da sa\u00fade, s\u00e3o muito importantes, mas o nosso alvo sempre foi a prega\u00e7\u00e3o do evangelho. E esse alvo n\u00f3s estamos mantendo, Deus tem dado \u00e0 igreja fidelidade para continuar com os nossos prop\u00f3sitos\u201d, lembrou o reverendo Roberto Brasileiro. \u201cA solenidade \u00e9 o reconhecimento da sociedade por tudo aquilo que a igreja fez, e onde n\u00f3s anunciamos que continuamos fi\u00e9is aos nossos prop\u00f3sitos\u201d, complementou.<\/p>\n\n\n\n<p>Em sua participa\u00e7\u00e3o na tribuna, o reverendo lembrou ainda dos nomes que colaboraram com a instala\u00e7\u00e3o da IPB e do Mackenzie, no Brasil, e tamb\u00e9m das lideran\u00e7as que formou em suas salas de aula. \u201cCoube \u00e0 igreja tamb\u00e9m influenciar na forma\u00e7\u00e3o de l\u00edderes do Brasil. As nossas Escolas formaram grandes lideran\u00e7as do Brasil, como Oswaldo Cruz\u201d, explicou.<\/p>\n\n\n\n<p>\u201cPesquisando a hist\u00f3ria, descobrimos alguns ilustres que influenciaram a vinda do Mackenzie ao Brasil, grandes homens como Ruy Barbosa, que foi o advogado da institui\u00e7\u00e3o; Jos\u00e9 Bonif\u00e1cio de Andrade, que abriu oportunidades para que a Igreja chegasse ao Brasil\u201d, conta Roberto Brasileiro, que ao final de sua participa\u00e7\u00e3o fez uma ora\u00e7\u00e3o.<\/p>\n\n\n\n<p>Para Jos\u00e9 In\u00e1cio Ramos, presidente do Instituto Presbiteriano Mackenzie, a interlocu\u00e7\u00e3o com a sociedade, estabelecida pela IPB ao longo dos anos na propaga\u00e7\u00e3o da palavra de Deus, tem sido um dos diferenciais da atua\u00e7\u00e3o da Igreja. \u201cA IPB tem o compromisso de pregar a palavra de Deus de forma clara, objetiva, transparente, baseada apenas na B\u00edblia, e cuidando do social, que \u00e9 extremamente precioso a toda popula\u00e7\u00e3o, independente de ra\u00e7a, cor ou credo. Mas, cabe a IPB, primeiramente, propagar a palavra de Deus. E, em fun\u00e7\u00e3o disso, demonstrar a sua f\u00e9 \u00e0s boas obras. Esse \u00e9 o nosso objetivo\u201d, ressalta, concluindo: \u201ca IPB tem se mantido fiel \u00e0 palavra de Deus nestes 160 anos em que ela atua em territ\u00f3rio nacional. E preocupada com isso ela promove a inaugura\u00e7\u00e3o de escolas, hospitais, creches, asilos, apoio a pessoas com problemas com drogas e \u00e0queles que est\u00e3o de alguma forma exclu\u00eddos da sociedade, para que eles consigam se recuperar e contribuir com o desenvolvimento do pa\u00eds. O reconhecimento do poder legislativo, da sua c\u00e2mara federal, atrav\u00e9s de deputados crist\u00e3os ou n\u00e3o crist\u00e3os, evang\u00e9licos ou n\u00e3o, em comprimentar e reconhecer o trabalho da IPB nesses 160 anos de atividade no Brasil, demonstra a import\u00e2ncia dessa atua\u00e7\u00e3o\u201d, encerra o presidente do IPM.<br><\/p>\n","protected":false},"excerpt":{"rendered":"<p>A C\u00e2mara dos Deputados prestou na quarta-feira (14), em Bras\u00edlia, no Plen\u00e1rio Ulysses Guimar\u00e3es, uma homenagem \u00e0 Igreja Presbiteriana do Brasil (IPB), em comemora\u00e7\u00e3o aos seus 160 anos, completados na segunda-feira, dia 12 de agosto. O local mais nobre do Congresso Nacional, ao lado do Plen\u00e1rio Ruy Barbosa, do Senado Federal, onde s\u00e3o deliberadas as [&hellip;]<\/p>\n","protected":false},"author":2,"featured_media":3832,"comment_status":"open","ping_status":"open","sticky":false,"template":"","format":"standard","meta":[],"categories":[5,6],"tags":[],"_links":{"self":[{"href":"https:\/\/dgospel.com.br\/portal\/index.php\/wp-json\/wp\/v2\/posts\/3831"}],"collection":[{"href":"https:\/\/dgospel.com.br\/portal\/index.php\/wp-json\/wp\/v2\/posts"}],"about":[{"href":"https:\/\/dgospel.com.br\/portal\/index.php\/wp-json\/wp\/v2\/types\/post"}],"author":[{"embeddable":true,"href":"https:\/\/dgospel.com.br\/portal\/index.php\/wp-json\/wp\/v2\/users\/2"}],"replies":[{"embeddable":true,"href":"https:\/\/dgospel.com.br\/portal\/index.php\/wp-json\/wp\/v2\/comments?post=3831"}],"version-history":[{"count":1,"href":"https:\/\/dgospel.com.br\/portal\/index.php\/wp-json\/wp\/v2\/posts\/3831\/revisions"}],"predecessor-version":[{"id":3833,"href":"https:\/\/dgospel.com.br\/portal\/index.php\/wp-json\/wp\/v2\/posts\/3831\/revisions\/3833"}],"wp:featuredmedia":[{"embeddable":true,"href":"https:\/\/dgospel.com.br\/portal\/index.php\/wp-json\/wp\/v2\/media\/3832"}],"wp:attachment":[{"href":"https:\/\/dgospel.com.br\/portal\/index.php\/wp-json\/wp\/v2\/media?parent=3831"}],"wp:term":[{"taxonomy":"category","embeddable":true,"href":"https:\/\/dgospel.com.br\/portal\/index.php\/wp-json\/wp\/v2\/categories?post=3831"},{"taxonomy":"post_tag","embeddable":true,"href":"https:\/\/dgospel.com.br\/portal\/index.php\/wp-json\/wp\/v2\/tags?post=3831"}],"curies":[{"name":"wp","href":"https:\/\/api.w.org\/{rel}","templated":true}]}}