{"id":3834,"date":"2019-08-19T16:03:12","date_gmt":"2019-08-19T19:03:12","guid":{"rendered":"http:\/\/dgospel.com.br\/portal\/?p=3834"},"modified":"2019-08-19T16:03:14","modified_gmt":"2019-08-19T19:03:14","slug":"carlesse-formaliza-pedido-ao-ministro-do-turismo-para-asfaltamento-de-acesso-ao-jalapao","status":"publish","type":"post","link":"https:\/\/dgospel.com.br\/portal\/index.php\/2019\/08\/19\/carlesse-formaliza-pedido-ao-ministro-do-turismo-para-asfaltamento-de-acesso-ao-jalapao\/","title":{"rendered":"Carlesse formaliza pedido ao Ministro do Turismo para asfaltamento de acesso ao Jalap\u00e3o"},"content":{"rendered":"\n<p>O governador do Tocantins, Mauro Carlesse, e o ministro do Turismo, Marcelo \u00c1lvaro Ant\u00f4nio, discutiram na manh\u00e3 deste s\u00e1bado, 17, no Pal\u00e1cio Araguaia, investimentos para infraestrutura e promo\u00e7\u00e3o do turismo tocantinense.&nbsp; Durante a reuni\u00e3o, o Governador entregou ao Ministro um of\u00edcio solicitando a pavimenta\u00e7\u00e3o e integra\u00e7\u00e3o da malha vi\u00e1ria na regi\u00e3o do Jalap\u00e3o.<\/p>\n\n\n\n<p>Segundo o Governador, a estrada para o Jalap\u00e3o \u00e9 algo urgente. \u201cTemos que pensar no futuro, mas lembrar que o p\u00e3o na mesa do tocantinense \u00e9 todo dia. Precisamos prestar aten\u00e7\u00e3o no que vai atender nosso cidad\u00e3o hoje. A estrada para o Jalap\u00e3o tem que ser feita imediatamente, assim como, a ponte de Porto Nacional, os hospitais de Gurupi e Aragua\u00edna&#8221;, ressaltou.&nbsp;&nbsp;<\/p>\n\n\n\n<p>O Chefe do Executivo tamb\u00e9m falou sobre o meio ambiente. \u201cN\u00e3o temos problemas de invas\u00e3o, nem com os \u00edndios e com o meio ambiente. N\u00f3s cuidamos das nossas matas. S\u00f3 fazemos o que \u00e9 determinado pela Lei, nada mais do que isso. Queremos preservar e ao mesmo tempo fomentar a renda para nosso povo\u201d, afirmou o Governador.<\/p>\n\n\n\n<p>O governador Mauro Carlesse destacou que agora o Tocantins pode produzir til\u00e1pia. \u201cOs pequenos produtores, cerca de 15 mil, j\u00e1 est\u00e3o come\u00e7ando a se cadastrar e a fazer seus tanques, assim, aumentando sua renda e gerando empregos\u201d, disse.<\/p>\n\n\n\n<p>O presidente da Ag\u00eancia de Desenvolvimento Turismo (Adetuc), Tom Lyra, destacou as regi\u00f5es tur\u00edsticas do Tocantins. \u201cEstamos fomentando o Jalap\u00e3o, mas n\u00e3o podemos esquecer das Serras Gerais, Cant\u00e3o, Bico do Papagaio. O Tocantins ser\u00e1 um polo tur\u00edstico e pe\u00e7o ao ministro que compreenda que o Tocantins ser\u00e1 um dos grandes vetores do desenvolvimento tur\u00edstico brasileiro, porque n\u00f3s temos tudo o que o turista quer\u201d, afirmou Tom Lyra.<\/p>\n\n\n\n<p>O vice-governador Wanderlei Barbosa destacou os gargalos do Jalap\u00e3o e ressaltou a necessidade de&nbsp;melhorar a acessibilidade aos pontos tur\u00edsticos do Tocantins. \u201cN\u00e3o podemos esquecer dos lagos do Tocantins, da bacia Tocantins-Araguaia, mas temos que nos lembrar do principal gargalo do Jalap\u00e3o, a estrada\u201d, destacou&nbsp;vice-governador.<\/p>\n\n\n\n<p>O ministro Marcelo \u00c1lvaro Ant\u00f4nio destacou que quer at\u00e9 quadruplicar os visitantes no Jalap\u00e3o. \u201cQueremos mais de um milh\u00e3o de pessoas por m\u00eas ali. Agora, temos de 30 a 40 mil visitantes por ano, e com a estrada vamos triplicar ou quadruplicar este n\u00famero\u201d, afirmou o ministro do Turismo.&nbsp;<\/p>\n\n\n\n<p>\u201cCom a parceria com o Minist\u00e9rio da Infraestrutura vamos construir esta estrada; n\u00e3o \u00e9 uma promessa, mas quero debater esta ideia. Com a estrada ser\u00e1 poss\u00edvel ter no local resorts, hot\u00e9is, restaurantes. Vamos levar pequenos, m\u00e9dios e grandes investimentos aos Jalap\u00e3o\u201d, ponderou Marcelo \u00c1lvaro.<\/p>\n\n\n\n<p><strong>Reuni\u00e3o<\/strong><\/p>\n\n\n\n<p>Presentes na reuni\u00e3o com o ministro do Turismo o vice-governador Wanderlei Barbosa; o senador Eduardo Gomes; o deputado federal Carlos Henrique Gaguim; o presidente da Assembleia Legislativa, deputado Ant\u00f4nio Andrade; a deputadas estaduais Am\u00e1lia Santana e Vanda Monteiro; o secret\u00e1rio-chefe da Casa Civil, Rolf Vidal; a secretaria estadual da Infraestrutura, Juliana Passarin; o superintendente do Sebrae, Mois\u00e9s Gomes; e os prefeito de S\u00e3o F\u00e9lix, Marlen Ribeiro, de Lizarda, Sass\u00e1, de Natividade, Martinha Andrade, de Augustin\u00f3polis, Julio Oliveira, e demais secret\u00e1rios e presidentes de autarquias.<\/p>\n","protected":false},"excerpt":{"rendered":"<p>O governador do Tocantins, Mauro Carlesse, e o ministro do Turismo, Marcelo \u00c1lvaro Ant\u00f4nio, discutiram na manh\u00e3 deste s\u00e1bado, 17, no Pal\u00e1cio Araguaia, investimentos para infraestrutura e promo\u00e7\u00e3o do turismo tocantinense.&nbsp; Durante a reuni\u00e3o, o Governador entregou ao Ministro um of\u00edcio solicitando a pavimenta\u00e7\u00e3o e integra\u00e7\u00e3o da malha vi\u00e1ria na regi\u00e3o do Jalap\u00e3o. Segundo o [&hellip;]<\/p>\n","protected":false},"author":2,"featured_media":3835,"comment_status":"open","ping_status":"open","sticky":false,"template":"","format":"standard","meta":[],"categories":[4],"tags":[],"_links":{"self":[{"href":"https:\/\/dgospel.com.br\/portal\/index.php\/wp-json\/wp\/v2\/posts\/3834"}],"collection":[{"href":"https:\/\/dgospel.com.br\/portal\/index.php\/wp-json\/wp\/v2\/posts"}],"about":[{"href":"https:\/\/dgospel.com.br\/portal\/index.php\/wp-json\/wp\/v2\/types\/post"}],"author":[{"embeddable":true,"href":"https:\/\/dgospel.com.br\/portal\/index.php\/wp-json\/wp\/v2\/users\/2"}],"replies":[{"embeddable":true,"href":"https:\/\/dgospel.com.br\/portal\/index.php\/wp-json\/wp\/v2\/comments?post=3834"}],"version-history":[{"count":1,"href":"https:\/\/dgospel.com.br\/portal\/index.php\/wp-json\/wp\/v2\/posts\/3834\/revisions"}],"predecessor-version":[{"id":3836,"href":"https:\/\/dgospel.com.br\/portal\/index.php\/wp-json\/wp\/v2\/posts\/3834\/revisions\/3836"}],"wp:featuredmedia":[{"embeddable":true,"href":"https:\/\/dgospel.com.br\/portal\/index.php\/wp-json\/wp\/v2\/media\/3835"}],"wp:attachment":[{"href":"https:\/\/dgospel.com.br\/portal\/index.php\/wp-json\/wp\/v2\/media?parent=3834"}],"wp:term":[{"taxonomy":"category","embeddable":true,"href":"https:\/\/dgospel.com.br\/portal\/index.php\/wp-json\/wp\/v2\/categories?post=3834"},{"taxonomy":"post_tag","embeddable":true,"href":"https:\/\/dgospel.com.br\/portal\/index.php\/wp-json\/wp\/v2\/tags?post=3834"}],"curies":[{"name":"wp","href":"https:\/\/api.w.org\/{rel}","templated":true}]}}