{"id":3843,"date":"2019-08-19T22:43:09","date_gmt":"2019-08-20T01:43:09","guid":{"rendered":"http:\/\/dgospel.com.br\/portal\/?p=3843"},"modified":"2019-08-19T22:43:11","modified_gmt":"2019-08-20T01:43:11","slug":"governador-carlesse-inaugura-nucleo-de-identificacao-de-taquarucu-e-entrega-viaturas-e-armamentos-para-a-policia-civil","status":"publish","type":"post","link":"https:\/\/dgospel.com.br\/portal\/index.php\/2019\/08\/19\/governador-carlesse-inaugura-nucleo-de-identificacao-de-taquarucu-e-entrega-viaturas-e-armamentos-para-a-policia-civil\/","title":{"rendered":"Governador Carlesse inaugura N\u00facleo de Identifica\u00e7\u00e3o de Taquaru\u00e7u e entrega viaturas e armamentos para a Pol\u00edcia Civil"},"content":{"rendered":"\n<p>Em uma solenidade que contou com a presen\u00e7a de autoridades estaduais, parlamentares, membros das for\u00e7as de seguran\u00e7a e efetivo da Pol\u00edcia Civil, o governador do Estado do Tocantins, Mauro Carlesse, entregou na manh\u00e3 desta segunda-feira, 19, armamentos, equipamentos de seguran\u00e7a para a Pol\u00edcia Civil do Tocantins, como tamb\u00e9m inaugurou a unidade de atendimento do Instituto de Identifica\u00e7\u00e3o do Tocantins, vinculado \u00e0 Secretaria da Seguran\u00e7a P\u00fablica (SSP), no distrito de Taquaru\u00e7u, a 32 quil\u00f4metros de Palmas.&nbsp; Os armamentos e ve\u00edculos fazem parte de conv\u00eanio com o a For\u00e7a Nacional, e Governo Federal por meio do Minist\u00e9rio da Justi\u00e7a e da Secretaria Nacional da Seguran\u00e7a P\u00fablica (Senasp).<\/p>\n\n\n\n<p>As entregas fazem parte de um grande investimento em equipamentos que v\u00e3o fortalecer a atua\u00e7\u00e3o da Pol\u00edcia Civil no Estado. Por meio de conv\u00eanio com a Senasp, foi destinado R$ 1,4 milh\u00e3o de reais e pela For\u00e7a Nacional foram investidos R$ 1.501.860,94.<\/p>\n\n\n\n<p>De acordo com o governador Mauro Carlesse, o refor\u00e7o no armamento da Pol\u00edcia Civil \u00e9 resultado de um estudo da realidade na Seguran\u00e7a do Estado. \u201cVisitamos o Estado e identificamos as necessidades. Gra\u00e7as a Deus e ao trabalho da nossa bancada federal, a gente tem conseguido recursos para melhorar o n\u00edvel de atendimento da popula\u00e7\u00e3o, dar condi\u00e7\u00f5es para os delegados e demais policiais e servidores da Seguran\u00e7a P\u00fablica para que eles possam ter mais condi\u00e7\u00f5es para atender nossa comunidade. Na emiss\u00e3o de c\u00e9dulas de identidade, tamb\u00e9m entregamos um n\u00facleo descentralizado aqui em Taquaru\u00e7u. Eu venho dizendo sempre que \u00e9 um Governo que tem trabalhado muito, tem tido a colabora\u00e7\u00e3o das pol\u00edcias Civil e Militar, como tamb\u00e9m do Corpo de Bombeiros. Ent\u00e3o estamos trabalhando cada vez mais para dar seguran\u00e7a e qualidade de vida para a nossa popula\u00e7\u00e3o\u201d, confirmou.<\/p>\n\n\n\n<p>Morador do distrito de Taquaru\u00e7u desde a inf\u00e2ncia, o vice-governador Wanderlei Barbosa parabenizou pela descentraliza\u00e7\u00e3o dos atendimentos \u00e0 popula\u00e7\u00e3o, com a inaugura\u00e7\u00e3o da unidade de atendimento do Instituto de Identifica\u00e7\u00e3o no distrito. \u201cTrazer para c\u00e1 um n\u00facleo do Instituto de Identifica\u00e7\u00e3o para n\u00f3s \u00e9 fundamental. E n\u00f3s queremos levar para outras regi\u00f5es, outros munic\u00edpios. N\u00e3o apenas descentralizar, mas tamb\u00e9m levar postos policiais onde n\u00f3s j\u00e1 temos a estrutura de Seguran\u00e7a P\u00fablica. Isso \u00e9 fundamental e importante pra n\u00f3s\u201d, afirmou.<\/p>\n\n\n\n<p><strong>Armamentos e Viaturas<\/strong><\/p>\n\n\n\n<p>Por meio de doa\u00e7\u00f5es extralegado da For\u00e7a Nacional, o Tocantins recebeu nesta segunda-feira Equipamentos de plataforma n\u00e3o letal para controle de dist\u00farbios (pistolas, muni\u00e7\u00f5es, sprays, granadas e muni\u00e7\u00f5es de impacto controlado), tr\u00eas camionetes Chevrolet S-10 (usadas), um Ar-condicionado, uma Barraca para 20 pra\u00e7as (20m x 5m), vestimentas operacionais (coturnos, botas, cintos, capacetes, chuteiras, coldres, coletes bal\u00edsticos, cotoveleiras, escudos bal\u00edsticos, joelheiras, luvas), armamento letal (pistolas e armas de cano longo, cartuchos e muni\u00e7\u00f5es, entre outros). Tamb\u00e9m foram adquiridas sete camionetes (Marca Mitsubishi, Modelo L200 Triton, a diesel), quatro motocicletas (Marca Honda, Modelo CG 160 Start),750 algemas de Pulso, 15 Fuzil T4, 20 Metralhadoras (MT Taurus calibre 40) e 108 coletes bal\u00edsticos.<\/p>\n\n\n\n<p>Segundo o secret\u00e1rio da Seguran\u00e7a P\u00fablica, Cristiano Sampaio, os investimentos na Pol\u00edcia Civil s\u00e3o frutos de conv\u00eanios firmados com a Senasp como tamb\u00e9m por meio de emendas impositivas da bancada parlamentar federal representante do Estado. \u201cQuereremos agradecer o empenho da bancada federal e tamb\u00e9m do Governo Federal, por meio do Minist\u00e9rio da Justi\u00e7a, Senasp e For\u00e7a Nacional. Nesta ocasi\u00e3o recebemos um conjunto de equipamentos que ser\u00e3o compartilhados com a Pol\u00edcia Militar e com o Corpo de Bombeiros para que a gente possa ter as tr\u00eas for\u00e7as de seguran\u00e7a atuando intensamente e conjuntamente. Ali\u00e1s, destaco que essas a\u00e7\u00f5es integradas que j\u00e1 come\u00e7am a gerar resultados e que vamos fortalecer cada vez mais com o Plano Estadual de Seguran\u00e7a P\u00fablica que prev\u00ea um conceito de a\u00e7\u00e3o integrada, da territorialidade e na busca de resultados de maneira conjunta e integrada\u201d, ressaltou.<\/p>\n\n\n\n<p><strong>Parceria<\/strong><\/p>\n\n\n\n<p>Em Luzimangues, distrito de Porto Nacional, mas localizado a poucos quil\u00f4metros da Capital, a parceria da SSP com o Departamento de Tr\u00e2nsito do Tocantins (Detran) possibilitou a entrega de mais uma unidade do Instituto de Identifica\u00e7\u00e3o. De acordo com o presidente do Detran, Colemar Natal C\u00e2mara Ferreira Nunes de Melo, a ideia \u00e9 ampliar as parcerias com a SSP onde houver postos avan\u00e7ados do Detran no Estado. \u201cEstamos inaugurando aqui em Luzimangues, mas nossa proposta \u00e9 agregar servi\u00e7os e garantir mais comodidade aos usu\u00e1rios tanto dos nossos servi\u00e7os quanto do Instituto de Identifica\u00e7\u00e3o na emiss\u00e3o de carteiras de identidade\u201d, frisou.<\/p>\n\n\n\n<p>Quem aproveitou a inaugura\u00e7\u00e3o para emitir segunda via da carteira de identidade foi a costureira Maria Petron\u00edlia de Paula Lacerda, que teve o documento extraviado e ap\u00f3s registro de Boletim de Ocorr\u00eancia, procurou a unidade para uma nova emiss\u00e3o. \u201cEu moro aqui em Luzimangues e a inaugura\u00e7\u00e3o deste posto foi muito bom porque eu n\u00e3o precisei me deslocar pra Palmas para fazer a segunda via. Agora \u00e9 s\u00f3 esperar ele chegar\u201d, afirmou.<\/p>\n","protected":false},"excerpt":{"rendered":"<p>Em uma solenidade que contou com a presen\u00e7a de autoridades estaduais, parlamentares, membros das for\u00e7as de seguran\u00e7a e efetivo da Pol\u00edcia Civil, o governador do Estado do Tocantins, Mauro Carlesse, entregou na manh\u00e3 desta segunda-feira, 19, armamentos, equipamentos de seguran\u00e7a para a Pol\u00edcia Civil do Tocantins, como tamb\u00e9m inaugurou a unidade de atendimento do Instituto [&hellip;]<\/p>\n","protected":false},"author":2,"featured_media":3844,"comment_status":"open","ping_status":"open","sticky":false,"template":"","format":"standard","meta":[],"categories":[4],"tags":[],"_links":{"self":[{"href":"https:\/\/dgospel.com.br\/portal\/index.php\/wp-json\/wp\/v2\/posts\/3843"}],"collection":[{"href":"https:\/\/dgospel.com.br\/portal\/index.php\/wp-json\/wp\/v2\/posts"}],"about":[{"href":"https:\/\/dgospel.com.br\/portal\/index.php\/wp-json\/wp\/v2\/types\/post"}],"author":[{"embeddable":true,"href":"https:\/\/dgospel.com.br\/portal\/index.php\/wp-json\/wp\/v2\/users\/2"}],"replies":[{"embeddable":true,"href":"https:\/\/dgospel.com.br\/portal\/index.php\/wp-json\/wp\/v2\/comments?post=3843"}],"version-history":[{"count":1,"href":"https:\/\/dgospel.com.br\/portal\/index.php\/wp-json\/wp\/v2\/posts\/3843\/revisions"}],"predecessor-version":[{"id":3845,"href":"https:\/\/dgospel.com.br\/portal\/index.php\/wp-json\/wp\/v2\/posts\/3843\/revisions\/3845"}],"wp:featuredmedia":[{"embeddable":true,"href":"https:\/\/dgospel.com.br\/portal\/index.php\/wp-json\/wp\/v2\/media\/3844"}],"wp:attachment":[{"href":"https:\/\/dgospel.com.br\/portal\/index.php\/wp-json\/wp\/v2\/media?parent=3843"}],"wp:term":[{"taxonomy":"category","embeddable":true,"href":"https:\/\/dgospel.com.br\/portal\/index.php\/wp-json\/wp\/v2\/categories?post=3843"},{"taxonomy":"post_tag","embeddable":true,"href":"https:\/\/dgospel.com.br\/portal\/index.php\/wp-json\/wp\/v2\/tags?post=3843"}],"curies":[{"name":"wp","href":"https:\/\/api.w.org\/{rel}","templated":true}]}}