{"id":3855,"date":"2019-08-21T21:40:22","date_gmt":"2019-08-22T00:40:22","guid":{"rendered":"http:\/\/dgospel.com.br\/portal\/?p=3855"},"modified":"2019-08-21T21:40:23","modified_gmt":"2019-08-22T00:40:23","slug":"deputado-leo-barbosa-apresenta-pl-que-cria-programa-de-combate-a-fome-durante-as-ferias-escolares","status":"publish","type":"post","link":"https:\/\/dgospel.com.br\/portal\/index.php\/2019\/08\/21\/deputado-leo-barbosa-apresenta-pl-que-cria-programa-de-combate-a-fome-durante-as-ferias-escolares\/","title":{"rendered":"Deputado L\u00e9o Barbosa apresenta PL que cria Programa de Combate \u00e0 Fome, durante as f\u00e9rias escolares"},"content":{"rendered":"\n<p>O deputado estadual L\u00e9o Barbosa (SD)\napresentou, nesta quarta-feira, 21, na Assembleia Legislativa do Tocantins, um\nprojeto de Lei que disp\u00f5e sobre a cria\u00e7\u00e3o de um programa estadual de\nfornecimento de merenda durante os per\u00edodos de f\u00e9rias escolares dos alunos.<\/p>\n\n\n\n<p>O objetivo da proposta \u00e9 promover o\nfornecimento de alimenta\u00e7\u00e3o, em todos os dias \u00fateis, durante as f\u00e9rias\nescolares, para crian\u00e7as, adolescentes e jovens que vivem em situa\u00e7\u00e3o de\nvulnerabilidade social e estejam devidamente matriculados na rede p\u00fablica\nestadual de ensino.<\/p>\n\n\n\n<p>Ao justificar o\nprojeto, o autor enfatizou que o objetivo da medida \u00e9 evitar a descontinuidade\nna alimenta\u00e7\u00e3o dos estudantes que dependem das refei\u00e7\u00f5es oferecidas pela\nescola.&nbsp;\u201cN\u00f3s sabemos que muitas fam\u00edlias vivem em situa\u00e7\u00e3o de vulnerabilidade\nsocial e complementam a alimenta\u00e7\u00e3o por interm\u00e9dio do que \u00e9 fornecido pelo\nEstado, nas escolas. Nos per\u00edodos de f\u00e9rias, n\u00e3o contar com este suporte \u00e9 um\ndesafio para aqueles que n\u00e3o tem muito dinheiro para colocar comida na mesa\npara os seus filhos\u201d, comentou.<\/p>\n\n\n\n<p>Ainda de acordo com a proposta, al\u00e9m\nde estar matriculado, o aluno dever\u00e1 ter frequ\u00eancia escolar igual ou superior a\n85% (oitenta e cinco por cento) e estar inscrito no Cadastro \u00danico de Programas\nSociais do Estado do Tocantins ou outro cadastro que o substitua.&nbsp;A\nproposi\u00e7\u00e3o determina que para fins de atendimento \u00e9 necess\u00e1rio comprovar renda\nfamiliar per capita mensal de at\u00e9 meio sal\u00e1rio m\u00ednimo.&nbsp;<\/p>\n","protected":false},"excerpt":{"rendered":"<p>O deputado estadual L\u00e9o Barbosa (SD) apresentou, nesta quarta-feira, 21, na Assembleia Legislativa do Tocantins, um projeto de Lei que disp\u00f5e sobre a cria\u00e7\u00e3o de um programa estadual de fornecimento de merenda durante os per\u00edodos de f\u00e9rias escolares dos alunos. O objetivo da proposta \u00e9 promover o fornecimento de alimenta\u00e7\u00e3o, em todos os dias \u00fateis, [&hellip;]<\/p>\n","protected":false},"author":2,"featured_media":3856,"comment_status":"open","ping_status":"open","sticky":false,"template":"","format":"standard","meta":[],"categories":[8,4],"tags":[],"_links":{"self":[{"href":"https:\/\/dgospel.com.br\/portal\/index.php\/wp-json\/wp\/v2\/posts\/3855"}],"collection":[{"href":"https:\/\/dgospel.com.br\/portal\/index.php\/wp-json\/wp\/v2\/posts"}],"about":[{"href":"https:\/\/dgospel.com.br\/portal\/index.php\/wp-json\/wp\/v2\/types\/post"}],"author":[{"embeddable":true,"href":"https:\/\/dgospel.com.br\/portal\/index.php\/wp-json\/wp\/v2\/users\/2"}],"replies":[{"embeddable":true,"href":"https:\/\/dgospel.com.br\/portal\/index.php\/wp-json\/wp\/v2\/comments?post=3855"}],"version-history":[{"count":1,"href":"https:\/\/dgospel.com.br\/portal\/index.php\/wp-json\/wp\/v2\/posts\/3855\/revisions"}],"predecessor-version":[{"id":3857,"href":"https:\/\/dgospel.com.br\/portal\/index.php\/wp-json\/wp\/v2\/posts\/3855\/revisions\/3857"}],"wp:featuredmedia":[{"embeddable":true,"href":"https:\/\/dgospel.com.br\/portal\/index.php\/wp-json\/wp\/v2\/media\/3856"}],"wp:attachment":[{"href":"https:\/\/dgospel.com.br\/portal\/index.php\/wp-json\/wp\/v2\/media?parent=3855"}],"wp:term":[{"taxonomy":"category","embeddable":true,"href":"https:\/\/dgospel.com.br\/portal\/index.php\/wp-json\/wp\/v2\/categories?post=3855"},{"taxonomy":"post_tag","embeddable":true,"href":"https:\/\/dgospel.com.br\/portal\/index.php\/wp-json\/wp\/v2\/tags?post=3855"}],"curies":[{"name":"wp","href":"https:\/\/api.w.org\/{rel}","templated":true}]}}