{"id":3858,"date":"2019-08-21T21:46:35","date_gmt":"2019-08-22T00:46:35","guid":{"rendered":"http:\/\/dgospel.com.br\/portal\/?p=3858"},"modified":"2019-08-21T21:46:36","modified_gmt":"2019-08-22T00:46:36","slug":"hospedes-da-casa-de-apoio-recebe-visitas-e-atencao-religiosa","status":"publish","type":"post","link":"https:\/\/dgospel.com.br\/portal\/index.php\/2019\/08\/21\/hospedes-da-casa-de-apoio-recebe-visitas-e-atencao-religiosa\/","title":{"rendered":"H\u00f3spedes da Casa de Apoio recebe visitas e aten\u00e7\u00e3o religiosa"},"content":{"rendered":"\n<p>Visando dar mais aten\u00e7\u00e3o a acompanhantes e pacientes internados nos hospitais p\u00fablicos, durante suas estadias, a Casa de Apoio Vera L\u00facia Pagani, &nbsp;promove, com a colabora\u00e7\u00e3o de diversos parceiros volunt\u00e1rios, um cronograma diversificado de atividades. S\u00e3o palestras, conta\u00e7\u00e3o de hist\u00f3rias, minicursos artesanais e atividades religiosas. &nbsp;<\/p>\n\n\n\n<p>Na tarde desta quarta-feira, 21, o secret\u00e1rio de Trabalho e Desenvolvimento Social (Setas), Messias Ara\u00fajo, e coordenador Estadual da Pastoral do Idoso e di\u00e1cono Valtrude Messias, visitaram a institui\u00e7\u00e3o. Durante a visita o di\u00e1cono realizou uma ora\u00e7\u00e3o e leu um vers\u00edculo da B\u00edblia em apoio espiritual aos h\u00f3spedes.<\/p>\n\n\n\n<p>A paciente F\u00e1bia Cristina Alves, 49, ficou hospedada na casa em 2013 para tratamento de um c\u00e2ncer. Agora est\u00e1 de volta para o acompanhamento m\u00e9dico. \u201cO apoio religioso \u00e9 muito importante porque \u00e9 o que nos d\u00e1 for\u00e7a para lutar e acreditar que \u00e9 poss\u00edvel vencer a doen\u00e7a\u201d, afirmou.<\/p>\n\n\n\n<p>O gestor da Setas, falou da import\u00e2ncia da religiosidade para os benefici\u00e1rios da Casa de Apoio e dos esfor\u00e7os&nbsp; que o Governo do Tocantins tem&nbsp; feito para, com ajuda de&nbsp; institui\u00e7\u00f5es parceiras, suprir as demandas da casa. \u201cCom o apoio dos parceiros conseguimos instalar aparelhos de ar condicionados em todos os quartos\u201d, afirmou. \u201cPrecisamos de mais parceiros que possam nos ajudar a levar adiante esse trabalho em favor da sociedade\u201d, destacou o gestor. &nbsp;&nbsp;&nbsp;&nbsp;&nbsp;&nbsp;<\/p>\n\n\n\n<p>A paciente An\u00e1lia Coelho Barros, 69, do munic\u00edpio de Sandolandia, est\u00e1 em tratamento radiol\u00f3gico e ao final da ora\u00e7\u00e3o pediu a palavra paras agradecer os cuidados recebidos na institui\u00e7\u00e3o. \u201cN\u00f3s que fazemos tratamento com radioterapia, e que n\u00e3o podemos ficar expostos ao calor, recebemos uma ben\u00e7\u00e3o com a instala\u00e7\u00e3o dos aparelhos de ar condicionado\u201d, afirmou.<\/p>\n\n\n\n<p><strong>Casa de Apoio<\/strong><\/p>\n\n\n\n<p>\u00c9 um n\u00facleo de apoio a acompanhantes e pacientes internados nos hospitais p\u00fablicos de Palmas, oferecido gratuitamente pelo Governo do Tocantins, por meio da Secretaria do Trabalho e Desenvolvimento Social (Setas). A institui\u00e7\u00e3o atende diariamente entre 80 e 126 pessoas fornecendo as principais refei\u00e7\u00f5es e hospedagem. Somente de janeiro a julho deste ano, foram mais de 11 mil pessoas vindas do interior do Tocantins e at\u00e9 mesmo de outros estados.<\/p>\n\n\n\n<p><strong>Mais servi\u00e7os<\/strong><\/p>\n\n\n\n<p>A Casa de Apoio tem tamb\u00e9m oferece uma brinquedoteca para o atendimento \u00e0s crian\u00e7as que ali se hospedam. E para fortalecer o bem-estar emocional dos h\u00f3spedes s\u00e3o promovidos servi\u00e7os de orienta\u00e7\u00e3o psicol\u00f3gica, pedag\u00f3gica e de assist\u00eancia social.<\/p>\n\n\n\n<p><strong>Casa de Apoio<\/strong><\/p>\n\n\n\n<p>A cerca de 200 metros do Hospital Geral de Palmas (HGP), a Casa de Apoio foi entregue \u00e0 popula\u00e7\u00e3o em 18 de abril de 2006, e desde ent\u00e3o j\u00e1 hospedou mais de 230 mil pessoas vindas dos 139 munic\u00edpios tocantinenses e tamb\u00e9m de outros estados. Sua estrutura f\u00edsica \u00e9 composta de mais de 100 leitos equipados com beliches, cozinha, brinquedoteca, sala interdisciplinar, parquinho e \u00e1rea de conviv\u00eancia social e capela.<\/p>\n","protected":false},"excerpt":{"rendered":"<p>Visando dar mais aten\u00e7\u00e3o a acompanhantes e pacientes internados nos hospitais p\u00fablicos, durante suas estadias, a Casa de Apoio Vera L\u00facia Pagani, &nbsp;promove, com a colabora\u00e7\u00e3o de diversos parceiros volunt\u00e1rios, um cronograma diversificado de atividades. S\u00e3o palestras, conta\u00e7\u00e3o de hist\u00f3rias, minicursos artesanais e atividades religiosas. &nbsp; Na tarde desta quarta-feira, 21, o secret\u00e1rio de Trabalho [&hellip;]<\/p>\n","protected":false},"author":2,"featured_media":3859,"comment_status":"open","ping_status":"open","sticky":false,"template":"","format":"standard","meta":[],"categories":[3],"tags":[],"_links":{"self":[{"href":"https:\/\/dgospel.com.br\/portal\/index.php\/wp-json\/wp\/v2\/posts\/3858"}],"collection":[{"href":"https:\/\/dgospel.com.br\/portal\/index.php\/wp-json\/wp\/v2\/posts"}],"about":[{"href":"https:\/\/dgospel.com.br\/portal\/index.php\/wp-json\/wp\/v2\/types\/post"}],"author":[{"embeddable":true,"href":"https:\/\/dgospel.com.br\/portal\/index.php\/wp-json\/wp\/v2\/users\/2"}],"replies":[{"embeddable":true,"href":"https:\/\/dgospel.com.br\/portal\/index.php\/wp-json\/wp\/v2\/comments?post=3858"}],"version-history":[{"count":1,"href":"https:\/\/dgospel.com.br\/portal\/index.php\/wp-json\/wp\/v2\/posts\/3858\/revisions"}],"predecessor-version":[{"id":3860,"href":"https:\/\/dgospel.com.br\/portal\/index.php\/wp-json\/wp\/v2\/posts\/3858\/revisions\/3860"}],"wp:featuredmedia":[{"embeddable":true,"href":"https:\/\/dgospel.com.br\/portal\/index.php\/wp-json\/wp\/v2\/media\/3859"}],"wp:attachment":[{"href":"https:\/\/dgospel.com.br\/portal\/index.php\/wp-json\/wp\/v2\/media?parent=3858"}],"wp:term":[{"taxonomy":"category","embeddable":true,"href":"https:\/\/dgospel.com.br\/portal\/index.php\/wp-json\/wp\/v2\/categories?post=3858"},{"taxonomy":"post_tag","embeddable":true,"href":"https:\/\/dgospel.com.br\/portal\/index.php\/wp-json\/wp\/v2\/tags?post=3858"}],"curies":[{"name":"wp","href":"https:\/\/api.w.org\/{rel}","templated":true}]}}