{"id":386,"date":"2018-05-29T09:02:15","date_gmt":"2018-05-29T12:02:15","guid":{"rendered":"http:\/\/dgospel.com.br\/portal\/?p=386"},"modified":"2018-05-29T09:02:15","modified_gmt":"2018-05-29T12:02:15","slug":"em-porto-nacional-mario-lucio-debate-economia-solidaria-com-liderancas-locais","status":"publish","type":"post","link":"https:\/\/dgospel.com.br\/portal\/index.php\/2018\/05\/29\/em-porto-nacional-mario-lucio-debate-economia-solidaria-com-liderancas-locais\/","title":{"rendered":"Em Porto Nacional, M\u00e1rio L\u00facio debate economia solid\u00e1ria com lideran\u00e7as locais"},"content":{"rendered":"<p class=\"yiv5107718982MsoNormal\">O candidato ao Governo do Tocantins, M\u00e1rio L\u00facio (Psol) esteve nesta segunda-feira, 28, em Porto Nacional onde se reuniu com lideran\u00e7as e pessoas que trabalham com a \u00e1rea da economia solid\u00e1ria. O encontro teve o objetivo de discutir propostas para fomenta\u00e7\u00e3o de projetos que possam gerar emprego e renda para a popula\u00e7\u00e3o do Tocantins mesmo em um cen\u00e1rio de crise.<\/p>\n<p class=\"yiv5107718982MsoNormal\">A economia solid\u00e1ria se baseia na forma de autogest\u00e3o e compreende uma variedade de pr\u00e1ticas econ\u00f4micas e sociais organizadas sob a forma de cooperativas, associa\u00e7\u00f5es, clubes de troca, empresas autogestion\u00e1rias, redes de coopera\u00e7\u00e3o, entre outras. \u201cEsse tipo de economia \u00e9 uma forma op\u00e7\u00e3o inovadora na inclus\u00e3o social e na gera\u00e7\u00e3o de trabalho. Ela engloba os princ\u00edpios da democracia, solidariedade, coopera\u00e7\u00e3o, respeito \u00e0 natureza e um consumo mais solid\u00e1rio e consciente\u201d, explicou M\u00e1rio L\u00facio.<\/p>\n<p class=\"yiv5107718982MsoNormal\">Ainda durante a conversa, M\u00e1rio L\u00facio discorreu sobre o trabalho que desenvolveu como procurador do Minist\u00e9rio P\u00fablico Federal (MPF) na \u00e1rea da preserva\u00e7\u00e3o da natureza, em especial o bioma Cerrado, e tamb\u00e9m em prol das causas das minorias, como os povos ind\u00edgenas e quilombolas.<\/p>\n","protected":false},"excerpt":{"rendered":"<p>O candidato ao Governo do Tocantins, M\u00e1rio L\u00facio (Psol) esteve nesta segunda-feira, 28, em Porto Nacional onde se reuniu com lideran\u00e7as e pessoas que trabalham com a \u00e1rea da economia solid\u00e1ria. O encontro teve o objetivo de discutir propostas para fomenta\u00e7\u00e3o de projetos que possam gerar emprego e renda para a popula\u00e7\u00e3o do Tocantins mesmo [&hellip;]<\/p>\n","protected":false},"author":2,"featured_media":387,"comment_status":"open","ping_status":"open","sticky":false,"template":"","format":"standard","meta":[],"categories":[2,4],"tags":[],"_links":{"self":[{"href":"https:\/\/dgospel.com.br\/portal\/index.php\/wp-json\/wp\/v2\/posts\/386"}],"collection":[{"href":"https:\/\/dgospel.com.br\/portal\/index.php\/wp-json\/wp\/v2\/posts"}],"about":[{"href":"https:\/\/dgospel.com.br\/portal\/index.php\/wp-json\/wp\/v2\/types\/post"}],"author":[{"embeddable":true,"href":"https:\/\/dgospel.com.br\/portal\/index.php\/wp-json\/wp\/v2\/users\/2"}],"replies":[{"embeddable":true,"href":"https:\/\/dgospel.com.br\/portal\/index.php\/wp-json\/wp\/v2\/comments?post=386"}],"version-history":[{"count":1,"href":"https:\/\/dgospel.com.br\/portal\/index.php\/wp-json\/wp\/v2\/posts\/386\/revisions"}],"predecessor-version":[{"id":388,"href":"https:\/\/dgospel.com.br\/portal\/index.php\/wp-json\/wp\/v2\/posts\/386\/revisions\/388"}],"wp:featuredmedia":[{"embeddable":true,"href":"https:\/\/dgospel.com.br\/portal\/index.php\/wp-json\/wp\/v2\/media\/387"}],"wp:attachment":[{"href":"https:\/\/dgospel.com.br\/portal\/index.php\/wp-json\/wp\/v2\/media?parent=386"}],"wp:term":[{"taxonomy":"category","embeddable":true,"href":"https:\/\/dgospel.com.br\/portal\/index.php\/wp-json\/wp\/v2\/categories?post=386"},{"taxonomy":"post_tag","embeddable":true,"href":"https:\/\/dgospel.com.br\/portal\/index.php\/wp-json\/wp\/v2\/tags?post=386"}],"curies":[{"name":"wp","href":"https:\/\/api.w.org\/{rel}","templated":true}]}}