{"id":3861,"date":"2019-08-21T21:53:36","date_gmt":"2019-08-22T00:53:36","guid":{"rendered":"http:\/\/dgospel.com.br\/portal\/?p=3861"},"modified":"2019-08-21T21:53:39","modified_gmt":"2019-08-22T00:53:39","slug":"governador-carlesse-participa-de-reuniao-da-frente-parlamentar-norte-nordeste-e-centro-oeste-em-brasilia","status":"publish","type":"post","link":"https:\/\/dgospel.com.br\/portal\/index.php\/2019\/08\/21\/governador-carlesse-participa-de-reuniao-da-frente-parlamentar-norte-nordeste-e-centro-oeste-em-brasilia\/","title":{"rendered":"Governador Carlesse participa de reuni\u00e3o da Frente Parlamentar Norte, Nordeste e Centro-Oeste em Bras\u00edlia"},"content":{"rendered":"\n<p>O Governador Mauro Carlesse esteve em Bras\u00edlia nesta ter\u00e7a-feira, 20, para participar da reuni\u00e3o da Frente Parlamentar de Senadores e Governadores dos Estados do Norte, Nordeste e Centro-Oeste. A reuni\u00e3o ocorreu&nbsp;na Resid\u00eancia Oficial do Presidente do Senado Davi Alcolumbre.<\/p>\n\n\n\n<p>A reuni\u00e3o teve como pauta principal a revis\u00e3o do Pacto Federativo, na qual, chefes do Executivo debateram estrat\u00e9gias para dar mais autonomia aos estados e garantir recursos para as regi\u00f5es. Al\u00e9m disso, temas como, o fim da Lei Kandir e pagamentos referentes \u00e0 Lei no ano de 2019; Fundo de Participa\u00e7\u00e3o dos Estados e b\u00f4nus de assinatura; distribui\u00e7\u00e3o de royalties; precat\u00f3rios; securitiza\u00e7\u00e3o da d\u00edvida ativa para estados; Distrito Federal e munic\u00edpios, assim como a aprova\u00e7\u00e3o do Plano Mansueto tamb\u00e9m foram tratados.<\/p>\n\n\n\n<p>O Governador Mauro Carlesse destacou a import\u00e2ncia de reunir l\u00edderes das tr\u00eas regi\u00f5es para discutir pautas de interesses em comum. &#8220;Pautas como estas, j\u00e1 foram tratadas e discutidas anteriormente, estamos aqui com o intuito de defender os investimentos necess\u00e1rios para os nossos estados e maior autonomia das contas p\u00fablicas\u201d, disse o Governador.<\/p>\n\n\n\n<p>Participaram da reuni\u00e3o 51 dos 60 senadores do Norte, Nordeste e Centro Oeste e representantes de Governo de todos os estados das tr\u00eas regi\u00f5es.<\/p>\n\n\n\n<p><strong>Frente Parlamentar<\/strong><\/p>\n\n\n\n<p>A Frente Parlamentar Norte, Nordeste e Centro-Oeste \u00e9 presidida pelo Senador de Sergipe, Rog\u00e9rio Carvalho e foi criada neste ano com o objetivo de discutir diversos temas de relev\u00e2ncia para as regi\u00f5es atuando na busca de desenvolvimento, apoio financeiro, entre outras atividades.<\/p>\n","protected":false},"excerpt":{"rendered":"<p>O Governador Mauro Carlesse esteve em Bras\u00edlia nesta ter\u00e7a-feira, 20, para participar da reuni\u00e3o da Frente Parlamentar de Senadores e Governadores dos Estados do Norte, Nordeste e Centro-Oeste. A reuni\u00e3o ocorreu&nbsp;na Resid\u00eancia Oficial do Presidente do Senado Davi Alcolumbre. A reuni\u00e3o teve como pauta principal a revis\u00e3o do Pacto Federativo, na qual, chefes do Executivo [&hellip;]<\/p>\n","protected":false},"author":2,"featured_media":3862,"comment_status":"open","ping_status":"open","sticky":false,"template":"","format":"standard","meta":[],"categories":[4],"tags":[],"_links":{"self":[{"href":"https:\/\/dgospel.com.br\/portal\/index.php\/wp-json\/wp\/v2\/posts\/3861"}],"collection":[{"href":"https:\/\/dgospel.com.br\/portal\/index.php\/wp-json\/wp\/v2\/posts"}],"about":[{"href":"https:\/\/dgospel.com.br\/portal\/index.php\/wp-json\/wp\/v2\/types\/post"}],"author":[{"embeddable":true,"href":"https:\/\/dgospel.com.br\/portal\/index.php\/wp-json\/wp\/v2\/users\/2"}],"replies":[{"embeddable":true,"href":"https:\/\/dgospel.com.br\/portal\/index.php\/wp-json\/wp\/v2\/comments?post=3861"}],"version-history":[{"count":1,"href":"https:\/\/dgospel.com.br\/portal\/index.php\/wp-json\/wp\/v2\/posts\/3861\/revisions"}],"predecessor-version":[{"id":3863,"href":"https:\/\/dgospel.com.br\/portal\/index.php\/wp-json\/wp\/v2\/posts\/3861\/revisions\/3863"}],"wp:featuredmedia":[{"embeddable":true,"href":"https:\/\/dgospel.com.br\/portal\/index.php\/wp-json\/wp\/v2\/media\/3862"}],"wp:attachment":[{"href":"https:\/\/dgospel.com.br\/portal\/index.php\/wp-json\/wp\/v2\/media?parent=3861"}],"wp:term":[{"taxonomy":"category","embeddable":true,"href":"https:\/\/dgospel.com.br\/portal\/index.php\/wp-json\/wp\/v2\/categories?post=3861"},{"taxonomy":"post_tag","embeddable":true,"href":"https:\/\/dgospel.com.br\/portal\/index.php\/wp-json\/wp\/v2\/tags?post=3861"}],"curies":[{"name":"wp","href":"https:\/\/api.w.org\/{rel}","templated":true}]}}