{"id":3864,"date":"2019-08-21T22:08:22","date_gmt":"2019-08-22T01:08:22","guid":{"rendered":"http:\/\/dgospel.com.br\/portal\/?p=3864"},"modified":"2019-08-21T22:08:24","modified_gmt":"2019-08-22T01:08:24","slug":"governo-suspende-edital-com-series-lgbt-para-tvs-publicas","status":"publish","type":"post","link":"https:\/\/dgospel.com.br\/portal\/index.php\/2019\/08\/21\/governo-suspende-edital-com-series-lgbt-para-tvs-publicas\/","title":{"rendered":"Governo suspende edital com s\u00e9ries LGBT para TVs p\u00fablicas"},"content":{"rendered":"\n<p>Ap\u00f3s o presidente Jair Bolsonaro criticar s\u00e9ries de tem\u00e1tica&nbsp;<strong><a href=\"https:\/\/guiame.com.br\/gospel\/noticias\/comite-de-genero-e-extinto-e-damares-explica-foi-por-decreto-e-nao-por-mim.html\">LGBT<\/a><\/strong>&nbsp;pr\u00e9-selecionadas para um edital para TVs p\u00fablicas, o governo decidiu suspender o processo de concorr\u00eancia. A portaria assinada pelo ministro da Cidadania,&nbsp;<strong><a href=\"https:\/\/guiame.com.br\/gospel\/noticias\/regulacao-do-cultivo-da-maconha-pela-anvisa-pode-gerar-atrito-com-governo.html\">Osmar Terra<\/a><\/strong>, foi publicada no Di\u00e1rio Oficial da Uni\u00e3o (DOU) desta quarta-feira.<\/p>\n\n\n\n<p>Em seu \u00faltimo pronunciamento ao vivo em redes sociais, exibido na quinta-feira (15),\u00a0<strong><a href=\"https:\/\/guiame.com.br\/gospel\/noticias\/no-nosso-governo-deus-esta-acima-de-tudo-diz-jair-bolsonaro-em-culto.html\">Bolsonaro<\/a>\u00a0<\/strong>atacou quatro das produ\u00e7\u00f5es finalistas do edital &#8220;RDE\/FSA PRODAV&#8221; que concorriam pelas categorias &#8220;diversidade de g\u00eanero&#8221; e &#8220;sexualidade&#8221;. Lan\u00e7ado em 13 de mar\u00e7o de 2018, a sele\u00e7\u00e3o tem um or\u00e7amento total de R$ 70 milh\u00f5es, provenientes do Fundo Setorial do Audiovisual (FSA).<\/p>\n\n\n\n<p>O chamamento \u00e9 feito pelo Banco Regional de Desenvolvimento do Extremo Sul (BRDE) com participa\u00e7\u00e3o da Ag\u00eancia Nacional de Cinema (Ancine) e da Empresa Brasileira de Comunica\u00e7\u00e3o (EBC).<\/p>\n\n\n\n<p>Segundo a portaria publicada nesta quarta-feira (21), o edital ficar\u00e1 suspenso pelo prazo de 180 dias, podendo ser prorrogado por igual per\u00edodo. A justificativa da decis\u00e3o, segundo a publica\u00e7\u00e3o do DOU, \u00e9 a &#8220;necessidade de recompor os membros do Comit\u00ea Gestor do Fundo Setorial do Audiovisual &#8211; CGFSA&#8221;.<\/p>\n\n\n\n<p>Ainda de acordo com a portaria, ap\u00f3s a defini\u00e7\u00e3o da nova composi\u00e7\u00e3o do grupo, ser\u00e1 &#8220;determinada a revis\u00e3o dos crit\u00e9rios e diretrizes para a aplica\u00e7\u00e3o dos recursos do FSA, bem como que sejam avaliados os crit\u00e9rios de apresenta\u00e7\u00e3o de propostas de projeto&#8221;.<\/p>\n\n\n\n<p>O deputado federal Marcelo Calero informou que ir\u00e1 entrar com uma a\u00e7\u00e3o popular com pedido de liminar para tornar nula a portaria assinada por Osmar Terra.<\/p>\n\n\n\n<p>Em mar\u00e7o deste ano, a EBC publicou o resultado preliminar das s\u00e9ries de TV classificadas nas diferentes categorias do edital: al\u00e9m de \u201cdiversidade de g\u00eanero\u201d, h\u00e1 \u201csociedade e meio ambiente\u201d, \u201cprofiss\u00e3o\u201d, \u201canima\u00e7\u00e3o infantil\u201d e \u201cqualidade de vida\u201d, entre outras.<\/p>\n\n\n\n<p>Os vencedores de cada regi\u00e3o do Brasil recebem valores entre R$ 400 mil e R$ 2 milh\u00f5es, dependendo da linha tem\u00e1tica. Para \u201cdiversidade de g\u00eanero\u201d, a previs\u00e3o \u00e9 de R$400 mil para cada obra \u2014 menor valor entre as categorias.<\/p>\n\n\n\n<p><strong>Presidente quer &#8216;filtros&#8217;<\/strong><\/p>\n\n\n\n<p>Desde julho, Bolsonaro vem dando diversas declara\u00e7\u00f5es sobre a produ\u00e7\u00e3o audiovisual brasileira.<\/p>\n\n\n\n<p>O presidente disse que era necess\u00e1rio estabelecer &#8220;filtros&#8221; tem\u00e1ticos para as produ\u00e7\u00f5es aprovadas pela Ancine para receber verbas do Fundo Setorial e da Lei do Audiovisual, citando como &#8220;mau&#8221; exemplo &#8220;Bruna Surfistinha&#8221;, filme de 2011 sobre uma ex-garota de programa. Tais declara\u00e7\u00f5es condicionavam os filtros \u00e0 manuten\u00e7\u00e3o da ag\u00eancia.<\/p>\n\n\n\n<p> FONTE: GUIAME, COM INFORMA\u00c7\u00d5ES DO GLOBO <\/p>\n","protected":false},"excerpt":{"rendered":"<p>Ap\u00f3s o presidente Jair Bolsonaro criticar s\u00e9ries de tem\u00e1tica&nbsp;LGBT&nbsp;pr\u00e9-selecionadas para um edital para TVs p\u00fablicas, o governo decidiu suspender o processo de concorr\u00eancia. A portaria assinada pelo ministro da Cidadania,&nbsp;Osmar Terra, foi publicada no Di\u00e1rio Oficial da Uni\u00e3o (DOU) desta quarta-feira. Em seu \u00faltimo pronunciamento ao vivo em redes sociais, exibido na quinta-feira (15),\u00a0Bolsonaro\u00a0atacou quatro [&hellip;]<\/p>\n","protected":false},"author":2,"featured_media":3865,"comment_status":"open","ping_status":"open","sticky":false,"template":"","format":"standard","meta":[],"categories":[10,6],"tags":[],"_links":{"self":[{"href":"https:\/\/dgospel.com.br\/portal\/index.php\/wp-json\/wp\/v2\/posts\/3864"}],"collection":[{"href":"https:\/\/dgospel.com.br\/portal\/index.php\/wp-json\/wp\/v2\/posts"}],"about":[{"href":"https:\/\/dgospel.com.br\/portal\/index.php\/wp-json\/wp\/v2\/types\/post"}],"author":[{"embeddable":true,"href":"https:\/\/dgospel.com.br\/portal\/index.php\/wp-json\/wp\/v2\/users\/2"}],"replies":[{"embeddable":true,"href":"https:\/\/dgospel.com.br\/portal\/index.php\/wp-json\/wp\/v2\/comments?post=3864"}],"version-history":[{"count":1,"href":"https:\/\/dgospel.com.br\/portal\/index.php\/wp-json\/wp\/v2\/posts\/3864\/revisions"}],"predecessor-version":[{"id":3866,"href":"https:\/\/dgospel.com.br\/portal\/index.php\/wp-json\/wp\/v2\/posts\/3864\/revisions\/3866"}],"wp:featuredmedia":[{"embeddable":true,"href":"https:\/\/dgospel.com.br\/portal\/index.php\/wp-json\/wp\/v2\/media\/3865"}],"wp:attachment":[{"href":"https:\/\/dgospel.com.br\/portal\/index.php\/wp-json\/wp\/v2\/media?parent=3864"}],"wp:term":[{"taxonomy":"category","embeddable":true,"href":"https:\/\/dgospel.com.br\/portal\/index.php\/wp-json\/wp\/v2\/categories?post=3864"},{"taxonomy":"post_tag","embeddable":true,"href":"https:\/\/dgospel.com.br\/portal\/index.php\/wp-json\/wp\/v2\/tags?post=3864"}],"curies":[{"name":"wp","href":"https:\/\/api.w.org\/{rel}","templated":true}]}}