{"id":3870,"date":"2019-08-22T09:25:47","date_gmt":"2019-08-22T12:25:47","guid":{"rendered":"http:\/\/dgospel.com.br\/portal\/?p=3870"},"modified":"2019-08-22T09:25:48","modified_gmt":"2019-08-22T12:25:48","slug":"damares-explica-a-extincao-dos-comites-de-genero-e-outros","status":"publish","type":"post","link":"https:\/\/dgospel.com.br\/portal\/index.php\/2019\/08\/22\/damares-explica-a-extincao-dos-comites-de-genero-e-outros\/","title":{"rendered":"Damares explica a extin\u00e7\u00e3o dos Comit\u00eas de G\u00eanero e outros"},"content":{"rendered":"\n<p>Na \u00faltima segunda-feira (19), O Di\u00e1rio Oficial confirmou a extin\u00e7\u00e3o de seis comit\u00eas ligados ao Minist\u00e9rio da Mulher, da Fam\u00edlia e dos Direitos Humanos. Entre o revogados estavam os comit\u00eas de G\u00eanero e de Diversidade e Inclus\u00e3o.<\/p>\n\n\n\n<p>Colegiado criado em 2018 e nomeado Jana\u00edna Rom\u00e3o (funcion\u00e1ria do Minist\u00e9rio dos Direitos Humanos, morta pelo ex-companheiro), o comit\u00ea de G\u00eanero tinha como fun\u00e7\u00e3o propor medidas para coibir a viol\u00eancia de g\u00eanero contra funcion\u00e1rios do minist\u00e9rio e propor a\u00e7\u00f5es para promover igualdade na pasta.<\/p>\n\n\n\n<p>J\u00e1 o comit\u00ea de Diversidade e Inclus\u00e3o tinha como fun\u00e7\u00e3o \u201cpromover a diversidade sexual e prote\u00e7\u00e3o a pessoas LGBT dentro do minist\u00e9rio\u201d.<\/p>\n\n\n\n<p>Por\u00e9m, diferente do que muitos jornais t\u00eam noticiado, a extin\u00e7\u00e3o dos seis comit\u00eas se deu n\u00e3o por decis\u00e3o da ministra Damares Alves, mas sim devido a um decreto do m\u00eas de abril do governo Bolsonaro, que visa revoga\u00e7\u00e3o de colegiados inoperantes.<\/p>\n\n\n\n<p>Segundo a pr\u00f3pria Damares explicou em depoimento em sua p\u00e1gina oficial do Facebook, esses dois comit\u00eas (e os outros quatro que foram extintos) estavam inativos desde 2018.<\/p>\n\n\n\n<p>\u201cEstes comit\u00eas foram extintos por Decreto e n\u00e3o por mim. H\u00e1 alguns meses um Decreto estabeleceu que Comit\u00eas e Comiss\u00f5es que n\u00e3o estavam em funcionamento deveriam ser extintos. Os Comit\u00eas extintos em nosso minist\u00e9rio estavam parados desde o ano passado\u201d, disse ela ao compartilhar o link de uma not\u00edcia publicada pela revista&nbsp;<em>\u00c9poca.<\/em><\/p>\n\n\n\n<p>Damares destacou que apesar da extin\u00e7\u00e3o dos colegiados, as causas pelas quais esses comit\u00eas tinham a fun\u00e7\u00e3o de trabalhar, n\u00e3o t\u00eam sido negligenciadas.<\/p>\n\n\n\n<p>\u201cMas esta mat\u00e9ria&nbsp;<em>[revista \u00c9poca]<\/em>&nbsp;n\u00e3o fala que estamos fortalecendo as Diretorias de combate a viol\u00eancia contra mulheres, contra comunidade LGBTI e n\u00e3o fala do nosso trabalho em busca da inclus\u00e3o em todas as secretarias\u201d, destacou.<\/p>\n\n\n\n<p><strong>Fonte: Ag\u00eancia Brasil &#8211; Foto: Marcelo Camargo\/Ag\u00eancia Brasil<\/strong><\/p>\n","protected":false},"excerpt":{"rendered":"<p>Na \u00faltima segunda-feira (19), O Di\u00e1rio Oficial confirmou a extin\u00e7\u00e3o de seis comit\u00eas ligados ao Minist\u00e9rio da Mulher, da Fam\u00edlia e dos Direitos Humanos. Entre o revogados estavam os comit\u00eas de G\u00eanero e de Diversidade e Inclus\u00e3o. Colegiado criado em 2018 e nomeado Jana\u00edna Rom\u00e3o (funcion\u00e1ria do Minist\u00e9rio dos Direitos Humanos, morta pelo ex-companheiro), o [&hellip;]<\/p>\n","protected":false},"author":2,"featured_media":3871,"comment_status":"open","ping_status":"open","sticky":false,"template":"","format":"standard","meta":[],"categories":[6,4],"tags":[],"_links":{"self":[{"href":"https:\/\/dgospel.com.br\/portal\/index.php\/wp-json\/wp\/v2\/posts\/3870"}],"collection":[{"href":"https:\/\/dgospel.com.br\/portal\/index.php\/wp-json\/wp\/v2\/posts"}],"about":[{"href":"https:\/\/dgospel.com.br\/portal\/index.php\/wp-json\/wp\/v2\/types\/post"}],"author":[{"embeddable":true,"href":"https:\/\/dgospel.com.br\/portal\/index.php\/wp-json\/wp\/v2\/users\/2"}],"replies":[{"embeddable":true,"href":"https:\/\/dgospel.com.br\/portal\/index.php\/wp-json\/wp\/v2\/comments?post=3870"}],"version-history":[{"count":1,"href":"https:\/\/dgospel.com.br\/portal\/index.php\/wp-json\/wp\/v2\/posts\/3870\/revisions"}],"predecessor-version":[{"id":3872,"href":"https:\/\/dgospel.com.br\/portal\/index.php\/wp-json\/wp\/v2\/posts\/3870\/revisions\/3872"}],"wp:featuredmedia":[{"embeddable":true,"href":"https:\/\/dgospel.com.br\/portal\/index.php\/wp-json\/wp\/v2\/media\/3871"}],"wp:attachment":[{"href":"https:\/\/dgospel.com.br\/portal\/index.php\/wp-json\/wp\/v2\/media?parent=3870"}],"wp:term":[{"taxonomy":"category","embeddable":true,"href":"https:\/\/dgospel.com.br\/portal\/index.php\/wp-json\/wp\/v2\/categories?post=3870"},{"taxonomy":"post_tag","embeddable":true,"href":"https:\/\/dgospel.com.br\/portal\/index.php\/wp-json\/wp\/v2\/tags?post=3870"}],"curies":[{"name":"wp","href":"https:\/\/api.w.org\/{rel}","templated":true}]}}