{"id":3876,"date":"2019-08-22T11:45:51","date_gmt":"2019-08-22T14:45:51","guid":{"rendered":"http:\/\/dgospel.com.br\/portal\/?p=3876"},"modified":"2019-08-22T11:45:53","modified_gmt":"2019-08-22T14:45:53","slug":"em-audiencia-com-o-governador-mauro-carlesse-empresarios-manifestam-interesse-em-implantar-usina-hidreletrica-no-estado","status":"publish","type":"post","link":"https:\/\/dgospel.com.br\/portal\/index.php\/2019\/08\/22\/em-audiencia-com-o-governador-mauro-carlesse-empresarios-manifestam-interesse-em-implantar-usina-hidreletrica-no-estado\/","title":{"rendered":"Em audi\u00eancia com o governador Mauro Carlesse, empres\u00e1rios manifestam interesse em implantar usina hidrel\u00e9trica no estado"},"content":{"rendered":"\n<p>O governador do Tocantins, Mauro Carlesse, recebeu em audi\u00eancia na manh\u00e3 desta quinta-feira, 22, os empres\u00e1rios Renato Davi e Rafael Vialta, do Grupo Usina Megacabos, de S\u00e3o Paulo. O objetivo foi tratar&nbsp;da viabilidade de implanta\u00e7\u00e3o de uma usina com capacidade de gera\u00e7\u00e3o de 144 megawats\/hora no estado.<\/p>\n\n\n\n<p>De acordo com o executivo Renato Davi, o Tocantins conta com um grande potencial h\u00eddrico, o que favorece a implanta\u00e7\u00e3o desse tipo de empreendimento. \u201cTemos os equipamentos e a reuni\u00e3o com o governador Mauro Carlesse foi produtiva e vamos discutir melhor o projeto para que possamos tornar realidade essa iniciativa\u201d, frisou, explicando que inicialmente a inten\u00e7\u00e3o \u00e9 implantar a usina no Rio Sono. \u201cVamos estudar o potencial energ\u00e9tico para concluirmos o projeto, que ter\u00e1 um custo de implanta\u00e7\u00e3o estimado em mais de R$ 1 bilh\u00e3o\u201d.<\/p>\n\n\n\n<p>O governador Mauro Carlesse destacou o potencial do Tocantins e garantiu que o Estado est\u00e1 com as contas em dia, com uma localiza\u00e7\u00e3o privilegiada e uma log\u00edstica pronta para receber os investidores. \u201c\u00c9 para isso que estamos trabalhando, queremos preparar o Estado para receber investimentos, gerar emprego e renda para o povo\u201d.<\/p>\n\n\n\n<p>Participaram da reuni\u00e3o com os empres\u00e1rios o secret\u00e1rio da Ind\u00fastria, Com\u00e9rcio e Servi\u00e7os, Ridoval Chiareloto, e o secret\u00e1rio extraordin\u00e1rio de Parcerias P\u00fablico-Privadas, Claudinei Aparecido Quaresemin.<\/p>\n","protected":false},"excerpt":{"rendered":"<p>O governador do Tocantins, Mauro Carlesse, recebeu em audi\u00eancia na manh\u00e3 desta quinta-feira, 22, os empres\u00e1rios Renato Davi e Rafael Vialta, do Grupo Usina Megacabos, de S\u00e3o Paulo. O objetivo foi tratar&nbsp;da viabilidade de implanta\u00e7\u00e3o de uma usina com capacidade de gera\u00e7\u00e3o de 144 megawats\/hora no estado. De acordo com o executivo Renato Davi, o [&hellip;]<\/p>\n","protected":false},"author":2,"featured_media":3877,"comment_status":"open","ping_status":"open","sticky":false,"template":"","format":"standard","meta":[],"categories":[3],"tags":[],"_links":{"self":[{"href":"https:\/\/dgospel.com.br\/portal\/index.php\/wp-json\/wp\/v2\/posts\/3876"}],"collection":[{"href":"https:\/\/dgospel.com.br\/portal\/index.php\/wp-json\/wp\/v2\/posts"}],"about":[{"href":"https:\/\/dgospel.com.br\/portal\/index.php\/wp-json\/wp\/v2\/types\/post"}],"author":[{"embeddable":true,"href":"https:\/\/dgospel.com.br\/portal\/index.php\/wp-json\/wp\/v2\/users\/2"}],"replies":[{"embeddable":true,"href":"https:\/\/dgospel.com.br\/portal\/index.php\/wp-json\/wp\/v2\/comments?post=3876"}],"version-history":[{"count":1,"href":"https:\/\/dgospel.com.br\/portal\/index.php\/wp-json\/wp\/v2\/posts\/3876\/revisions"}],"predecessor-version":[{"id":3878,"href":"https:\/\/dgospel.com.br\/portal\/index.php\/wp-json\/wp\/v2\/posts\/3876\/revisions\/3878"}],"wp:featuredmedia":[{"embeddable":true,"href":"https:\/\/dgospel.com.br\/portal\/index.php\/wp-json\/wp\/v2\/media\/3877"}],"wp:attachment":[{"href":"https:\/\/dgospel.com.br\/portal\/index.php\/wp-json\/wp\/v2\/media?parent=3876"}],"wp:term":[{"taxonomy":"category","embeddable":true,"href":"https:\/\/dgospel.com.br\/portal\/index.php\/wp-json\/wp\/v2\/categories?post=3876"},{"taxonomy":"post_tag","embeddable":true,"href":"https:\/\/dgospel.com.br\/portal\/index.php\/wp-json\/wp\/v2\/tags?post=3876"}],"curies":[{"name":"wp","href":"https:\/\/api.w.org\/{rel}","templated":true}]}}