{"id":3879,"date":"2019-08-23T11:45:26","date_gmt":"2019-08-23T14:45:26","guid":{"rendered":"http:\/\/dgospel.com.br\/portal\/?p=3879"},"modified":"2019-08-23T11:45:27","modified_gmt":"2019-08-23T14:45:27","slug":"hospital-geral-de-palmas-opera-com-menor-indice-de-ocupacao-da-historia","status":"publish","type":"post","link":"https:\/\/dgospel.com.br\/portal\/index.php\/2019\/08\/23\/hospital-geral-de-palmas-opera-com-menor-indice-de-ocupacao-da-historia\/","title":{"rendered":"Hospital Geral de Palmas opera com menor \u00edndice de ocupa\u00e7\u00e3o da hist\u00f3ria"},"content":{"rendered":"\n<p>Em 14 anos de funcionamento, o Hospital Geral de Palmas (HGP) nunca havia operado com o \u00edndice de ocupa\u00e7\u00e3o registrado nesta quinta-feira, 22. A unidade est\u00e1 operando com 84% de sua capacidade de ocupa\u00e7\u00e3o, n\u00famero celebrado pela gest\u00e3o.<\/p>\n\n\n\n<p>Segundo o diretor geral do hospital, Leonardo Toledo, o \u00edndice \u00e9 resultado do novo fluxo implantado na unidade. \u201cNos \u00faltimos meses, implantamos um novo fluxo buscando ouvir todas as equipes, saber o que elas precisam para atender bem os pacientes e resolver o problema que os trouxeram \u00e0 unidade. Isso tem otimizado a ocupa\u00e7\u00e3o de leitos e dado celeridade aos atendimentos, resultando na redu\u00e7\u00e3o do per\u00edodo de interna\u00e7\u00e3o\u201d, destacou.<\/p>\n\n\n\n<p>Outro motivo apontado pelo diretor \u00e9 a primeira for\u00e7a tarefa de cirurgias ortop\u00e9dicas realizadas em pacientes internados. \u201cGra\u00e7as a esta for\u00e7a tarefa que est\u00e1 sendo realizada na unidade, que operou 122 pessoas no per\u00edodo entre o dia 12 e o dia 22 deste m\u00eas, conseguimos reduzir o fim da espera de muitos pacientes. Somente na \u00faltima quarta, 21, tivemos 54 altas, n\u00famero nunca visto no hospital\u201d, enfatizou.<\/p>\n\n\n\n<p>O novo fluxo e o planejamento estrat\u00e9gico na realiza\u00e7\u00e3o das cirurgias ortop\u00e9dicas s\u00e3o resultado do comprometimento da atual gest\u00e3o da Secretaria de Estado da Sa\u00fade (SES), que est\u00e1 regularizando e aumentando os estoques de medicamentos, materiais e insumos para a realiza\u00e7\u00e3o dos procedimentos.&nbsp;\u201cTemos focado nossos esfor\u00e7os na resolutividade das cirurgias, visando justamente o fim da superlota\u00e7\u00e3o do nosso hospital. Isso passa pelo abastecimento das unidades e o empenho das equipes multiprofissionais que tamb\u00e9m n\u00e3o medem esfor\u00e7os para atender cada vez melhor os usu\u00e1rios do Sistema \u00danico de Sa\u00fade (SUS), no Tocantins\u201d, destacou Edgar Tollini, gestor da SES.<\/p>\n","protected":false},"excerpt":{"rendered":"<p>Em 14 anos de funcionamento, o Hospital Geral de Palmas (HGP) nunca havia operado com o \u00edndice de ocupa\u00e7\u00e3o registrado nesta quinta-feira, 22. A unidade est\u00e1 operando com 84% de sua capacidade de ocupa\u00e7\u00e3o, n\u00famero celebrado pela gest\u00e3o. Segundo o diretor geral do hospital, Leonardo Toledo, o \u00edndice \u00e9 resultado do novo fluxo implantado na [&hellip;]<\/p>\n","protected":false},"author":2,"featured_media":3880,"comment_status":"open","ping_status":"open","sticky":false,"template":"","format":"standard","meta":[],"categories":[3],"tags":[],"_links":{"self":[{"href":"https:\/\/dgospel.com.br\/portal\/index.php\/wp-json\/wp\/v2\/posts\/3879"}],"collection":[{"href":"https:\/\/dgospel.com.br\/portal\/index.php\/wp-json\/wp\/v2\/posts"}],"about":[{"href":"https:\/\/dgospel.com.br\/portal\/index.php\/wp-json\/wp\/v2\/types\/post"}],"author":[{"embeddable":true,"href":"https:\/\/dgospel.com.br\/portal\/index.php\/wp-json\/wp\/v2\/users\/2"}],"replies":[{"embeddable":true,"href":"https:\/\/dgospel.com.br\/portal\/index.php\/wp-json\/wp\/v2\/comments?post=3879"}],"version-history":[{"count":1,"href":"https:\/\/dgospel.com.br\/portal\/index.php\/wp-json\/wp\/v2\/posts\/3879\/revisions"}],"predecessor-version":[{"id":3881,"href":"https:\/\/dgospel.com.br\/portal\/index.php\/wp-json\/wp\/v2\/posts\/3879\/revisions\/3881"}],"wp:featuredmedia":[{"embeddable":true,"href":"https:\/\/dgospel.com.br\/portal\/index.php\/wp-json\/wp\/v2\/media\/3880"}],"wp:attachment":[{"href":"https:\/\/dgospel.com.br\/portal\/index.php\/wp-json\/wp\/v2\/media?parent=3879"}],"wp:term":[{"taxonomy":"category","embeddable":true,"href":"https:\/\/dgospel.com.br\/portal\/index.php\/wp-json\/wp\/v2\/categories?post=3879"},{"taxonomy":"post_tag","embeddable":true,"href":"https:\/\/dgospel.com.br\/portal\/index.php\/wp-json\/wp\/v2\/tags?post=3879"}],"curies":[{"name":"wp","href":"https:\/\/api.w.org\/{rel}","templated":true}]}}