{"id":3882,"date":"2019-08-23T11:52:48","date_gmt":"2019-08-23T14:52:48","guid":{"rendered":"http:\/\/dgospel.com.br\/portal\/?p=3882"},"modified":"2019-08-23T11:52:52","modified_gmt":"2019-08-23T14:52:52","slug":"mauro-carlesse-prestigia-inauguracao-de-centro-cultural-e-exposicao-sobre-ex-governador-siqueira-campos","status":"publish","type":"post","link":"https:\/\/dgospel.com.br\/portal\/index.php\/2019\/08\/23\/mauro-carlesse-prestigia-inauguracao-de-centro-cultural-e-exposicao-sobre-ex-governador-siqueira-campos\/","title":{"rendered":"Mauro Carlesse prestigia inaugura\u00e7\u00e3o de Centro Cultural e exposi\u00e7\u00e3o sobre ex-governador Siqueira Campos"},"content":{"rendered":"\n<p>O governador do estado do Tocantins, Mauro Carlesse, ao lado da primeira-dama Fernanda Carlesse, prestigiou na noite desta quinta-feira, 22, a inaugura\u00e7\u00e3o do Centro Cultural Mauro Cunha e a exposi\u00e7\u00e3o Siqueira Campos, um Estadista do Setentri\u00e3o Goiano ao Tocantins.&nbsp;<\/p>\n\n\n\n<p>O Centro de Conven\u00e7\u00f5es Mauro Cunha&nbsp; \u00e9 um espa\u00e7o destinado \u00e0s artes e conta com audit\u00f3rio, camarim, galeria de artes, sala de m\u00fasica, museu, palco externo e paisagismo. J\u00e1 a mostra, presta uma homenagem ao ex-governador Siqueira Campos e relembra os fatos que marcaram a luta pela emancipa\u00e7\u00e3o do ent\u00e3o norte goiano, que culminou com a cria\u00e7\u00e3o do Tocantins.&nbsp;<\/p>\n\n\n\n<p>O governador Mauro Carlesse parabenizou o prefeito de Gurupi, Laurez Moreira, pela iniciativa de dotar a cidade de um espa\u00e7o para a arte. &#8220;Essa obra \u00e9 muito importante para o movimento cultural de Gurupi e o prefeito est\u00e1 de parab\u00e9ns e pode contar conosco para fazer o que o povo precisa&#8221;, ressalta.<\/p>\n\n\n\n<p>\u201cEssa obra valoriza a arte e a cultura de Gurupi ao proporcionar \u00e0 popula\u00e7\u00e3o um local moderno e aconchegante para usufruir de programa\u00e7\u00f5es culturais e aos artistas um belo espa\u00e7o para exposi\u00e7\u00e3o dos seus trabalhos&#8221;, disse Laurez Moreira.<\/p>\n\n\n\n<p><strong>Exposi\u00e7\u00e3o<\/strong><\/p>\n\n\n\n<p>A exposi\u00e7\u00e3o Siqueira Campos, um Estadista do Setentri\u00e3o Goiano ao Tocantins conta com 24 pain\u00e9is com cerca de 80 fotos, com textos informativos da luta secular pela cria\u00e7\u00e3o do estado do Tocantins. Os visitantes podem conferir os fatos hist\u00f3ricos da cria\u00e7\u00e3o do Estado a acontecimentos relevantes de repercuss\u00f5es regionais, nacionais e mundiais, al\u00e9m de relatos como a emancipa\u00e7\u00e3o de munic\u00edpios, independ\u00eancia do Brasil e a Revolu\u00e7\u00e3o Francesa. Tamb\u00e9m comp\u00f5em a mostra documentos e objetos do acervo pessoal do homenageado e v\u00eddeo document\u00e1rio retratando a hist\u00f3ria desde o s\u00e9culo XVII at\u00e9 a cria\u00e7\u00e3o do Tocantins, pela Assembleia Constituinte de 1988.<\/p>\n\n\n\n<p>A exposi\u00e7\u00e3o \u00e9 aberta ao p\u00fablico de segunda \u00e0 sexta-feira, a partir desta sexta, 23, de 8 \u00e0s 18 horas.&nbsp;<\/p>\n\n\n\n<p>Al\u00e9m do ex-governador Siqueira Campos, o evento contou com a presen\u00e7a de pol\u00edticos e autoridades de Gurupi e regi\u00e3o.<\/p>\n","protected":false},"excerpt":{"rendered":"<p>O governador do estado do Tocantins, Mauro Carlesse, ao lado da primeira-dama Fernanda Carlesse, prestigiou na noite desta quinta-feira, 22, a inaugura\u00e7\u00e3o do Centro Cultural Mauro Cunha e a exposi\u00e7\u00e3o Siqueira Campos, um Estadista do Setentri\u00e3o Goiano ao Tocantins.&nbsp; O Centro de Conven\u00e7\u00f5es Mauro Cunha&nbsp; \u00e9 um espa\u00e7o destinado \u00e0s artes e conta com audit\u00f3rio, [&hellip;]<\/p>\n","protected":false},"author":2,"featured_media":3883,"comment_status":"open","ping_status":"open","sticky":false,"template":"","format":"standard","meta":[],"categories":[4],"tags":[],"_links":{"self":[{"href":"https:\/\/dgospel.com.br\/portal\/index.php\/wp-json\/wp\/v2\/posts\/3882"}],"collection":[{"href":"https:\/\/dgospel.com.br\/portal\/index.php\/wp-json\/wp\/v2\/posts"}],"about":[{"href":"https:\/\/dgospel.com.br\/portal\/index.php\/wp-json\/wp\/v2\/types\/post"}],"author":[{"embeddable":true,"href":"https:\/\/dgospel.com.br\/portal\/index.php\/wp-json\/wp\/v2\/users\/2"}],"replies":[{"embeddable":true,"href":"https:\/\/dgospel.com.br\/portal\/index.php\/wp-json\/wp\/v2\/comments?post=3882"}],"version-history":[{"count":1,"href":"https:\/\/dgospel.com.br\/portal\/index.php\/wp-json\/wp\/v2\/posts\/3882\/revisions"}],"predecessor-version":[{"id":3884,"href":"https:\/\/dgospel.com.br\/portal\/index.php\/wp-json\/wp\/v2\/posts\/3882\/revisions\/3884"}],"wp:featuredmedia":[{"embeddable":true,"href":"https:\/\/dgospel.com.br\/portal\/index.php\/wp-json\/wp\/v2\/media\/3883"}],"wp:attachment":[{"href":"https:\/\/dgospel.com.br\/portal\/index.php\/wp-json\/wp\/v2\/media?parent=3882"}],"wp:term":[{"taxonomy":"category","embeddable":true,"href":"https:\/\/dgospel.com.br\/portal\/index.php\/wp-json\/wp\/v2\/categories?post=3882"},{"taxonomy":"post_tag","embeddable":true,"href":"https:\/\/dgospel.com.br\/portal\/index.php\/wp-json\/wp\/v2\/tags?post=3882"}],"curies":[{"name":"wp","href":"https:\/\/api.w.org\/{rel}","templated":true}]}}