{"id":3885,"date":"2019-08-23T12:04:54","date_gmt":"2019-08-23T15:04:54","guid":{"rendered":"http:\/\/dgospel.com.br\/portal\/?p=3885"},"modified":"2019-08-23T12:05:01","modified_gmt":"2019-08-23T15:05:01","slug":"irmao-jairo-e-empossado-vereador-de-palmas","status":"publish","type":"post","link":"https:\/\/dgospel.com.br\/portal\/index.php\/2019\/08\/23\/irmao-jairo-e-empossado-vereador-de-palmas\/","title":{"rendered":"Irm\u00e3o Jairo \u00e9 empossado vereador de Palmas"},"content":{"rendered":"\n<p> A C\u00e2mara Municipal de Palmas realizou na quarta-feira, 21, sob a presid\u00eancia de Marilon Barbosa (PSB), sess\u00e3o solene de posse do vereador Jairo Muniz de Amorim (PSL). O vereador substitui Claudemir Portugal (PRP) que requereu licen\u00e7a pelo per\u00edodo de 121 dias, por motivo de sa\u00fade. <\/p>\n\n\n\n<p>Ap\u00f3s proferir seu juramento e ser empossado, Irm\u00e3o Jairo usou a tribuna e afirmou que ainda existem pessoas que querem fazer a diferen\u00e7a para a popula\u00e7\u00e3o. \u201cSou um homem que traz em sua bagagem respeito, considera\u00e7\u00e3o e gratid\u00e3o, que defender\u00e1 o bem estar e melhorias para a popula\u00e7\u00e3o de Palmas, defendendo o patrim\u00f4nio p\u00fablico. Sendo vereador por poucos dias, tenho a obriga\u00e7\u00e3o de atender as necessidades do povo de palmas\u201d, afirmou.<\/p>\n\n\n\n<p>A deputada estadual e presidente metropolitana da sigla, Vanda Monteiro (PSL), prestigiou a posse, elogiou o trabalho prestado por Claudemir Portugal e deu boas-vindas ao vereador. \u201cTenho certeza que sua chegada veio para somar e que sua integridade, honestidade e compet\u00eancia ser\u00e3o a marca do seu trabalho\u201d, disse.<\/p>\n\n\n\n<p>Como l\u00edder de governo na Casa, Laudecy Coimbra (SD) elogiou o trabalho j\u00e1 feito por Irm\u00e3o Jairo, mostrou seu apoio ao parlamentar e falou ainda em nome do Executivo Municipal. \u201cEstamos de portas abertas e queremos contar com seu trabalho para trazer cada vez mais para popula\u00e7\u00e3o palmense\u201d, frisou.<\/p>\n\n\n\n<p>Gerson Alves (PSL), Folha Filho (PSD), Tiago Andrino (PSB), Diogo Fernandes (PSD), Filipe Martins (PSC) e Etinho Nordeste (PTB) tamb\u00e9m demostraram apoio ao novo vereador da Capital.<\/p>\n","protected":false},"excerpt":{"rendered":"<p>A C\u00e2mara Municipal de Palmas realizou na quarta-feira, 21, sob a presid\u00eancia de Marilon Barbosa (PSB), sess\u00e3o solene de posse do vereador Jairo Muniz de Amorim (PSL). O vereador substitui Claudemir Portugal (PRP) que requereu licen\u00e7a pelo per\u00edodo de 121 dias, por motivo de sa\u00fade. Ap\u00f3s proferir seu juramento e ser empossado, Irm\u00e3o Jairo usou [&hellip;]<\/p>\n","protected":false},"author":2,"featured_media":3886,"comment_status":"open","ping_status":"open","sticky":false,"template":"","format":"standard","meta":[],"categories":[4],"tags":[],"_links":{"self":[{"href":"https:\/\/dgospel.com.br\/portal\/index.php\/wp-json\/wp\/v2\/posts\/3885"}],"collection":[{"href":"https:\/\/dgospel.com.br\/portal\/index.php\/wp-json\/wp\/v2\/posts"}],"about":[{"href":"https:\/\/dgospel.com.br\/portal\/index.php\/wp-json\/wp\/v2\/types\/post"}],"author":[{"embeddable":true,"href":"https:\/\/dgospel.com.br\/portal\/index.php\/wp-json\/wp\/v2\/users\/2"}],"replies":[{"embeddable":true,"href":"https:\/\/dgospel.com.br\/portal\/index.php\/wp-json\/wp\/v2\/comments?post=3885"}],"version-history":[{"count":1,"href":"https:\/\/dgospel.com.br\/portal\/index.php\/wp-json\/wp\/v2\/posts\/3885\/revisions"}],"predecessor-version":[{"id":3887,"href":"https:\/\/dgospel.com.br\/portal\/index.php\/wp-json\/wp\/v2\/posts\/3885\/revisions\/3887"}],"wp:featuredmedia":[{"embeddable":true,"href":"https:\/\/dgospel.com.br\/portal\/index.php\/wp-json\/wp\/v2\/media\/3886"}],"wp:attachment":[{"href":"https:\/\/dgospel.com.br\/portal\/index.php\/wp-json\/wp\/v2\/media?parent=3885"}],"wp:term":[{"taxonomy":"category","embeddable":true,"href":"https:\/\/dgospel.com.br\/portal\/index.php\/wp-json\/wp\/v2\/categories?post=3885"},{"taxonomy":"post_tag","embeddable":true,"href":"https:\/\/dgospel.com.br\/portal\/index.php\/wp-json\/wp\/v2\/tags?post=3885"}],"curies":[{"name":"wp","href":"https:\/\/api.w.org\/{rel}","templated":true}]}}