{"id":3892,"date":"2019-08-27T17:50:47","date_gmt":"2019-08-27T20:50:47","guid":{"rendered":"http:\/\/dgospel.com.br\/portal\/?p=3892"},"modified":"2019-08-27T17:50:49","modified_gmt":"2019-08-27T20:50:49","slug":"governador-carlesse-e-presidente-bolsonaro-debatem-importancia-da-to-500-para-desenvolvimento-do-brasil","status":"publish","type":"post","link":"https:\/\/dgospel.com.br\/portal\/index.php\/2019\/08\/27\/governador-carlesse-e-presidente-bolsonaro-debatem-importancia-da-to-500-para-desenvolvimento-do-brasil\/","title":{"rendered":"Governador Carlesse e presidente Bolsonaro debatem import\u00e2ncia da TO-500 para desenvolvimento do Brasil"},"content":{"rendered":"\n<p>O governador do Estado do Tocantins, Mauro Carlesse, participa nesta ter\u00e7a-feira, 27, da reuni\u00e3o promovida pela Presid\u00eancia da Rep\u00fablica com os governadores da Amaz\u00f4nia Legal para discuss\u00e3o sobre as queimadas na regi\u00e3o e alternativas de desenvolvimento sustent\u00e1vel para os estados.<\/p>\n\n\n\n<p>Em sua fala, o governador Mauro Carlesse apresentou a situa\u00e7\u00e3o do Tocantins e afirmou que cerca de 45% do territ\u00f3rio tocantinense ser\u00e3o preservados permanentemente&nbsp;em respeito \u00e0 Legisla\u00e7\u00e3o. Atualmente, o Tocantins tem 56,31% de seu territ\u00f3rio totalmente preservado.<\/p>\n\n\n\n<p>Ao apresentar a situa\u00e7\u00e3o das etnias ind\u00edgenas presentes no Tocantins, o governador Mauro Carlesse alertou para a inten\u00e7\u00e3o dos \u00edndios de terem acesso \u00e0 assist\u00eancia digna para a sobreviv\u00eancia e tamb\u00e9m recursos para a melhoria na qualidade de vida. \u201cNa verdade est\u00e3o matando os \u00edndios, pois eles t\u00eam grande quantidade de terra, mas n\u00e3o produzem\u201d, disse o Governador.<\/p>\n\n\n\n<p>Ao citar a dificuldade dos \u00edndios da Ilha do Bananal, o governador Carlesse despertou o interesse do presidente Jair Bolsonaro no projeto da rodovia TO-500, que j\u00e1 lhe foi apresentado pelo atual Governador do Tocantins. \u201cN\u00f3s precisamos da licen\u00e7a ambiental para a constru\u00e7\u00e3o da rodovia sobre uma estrada que j\u00e1 est\u00e1 aberta e que vai reduzir a dist\u00e2ncia do transporte da safra do Mato Grosso em mais de mil quil\u00f4metros. Essa estrada tem 80 quil\u00f4metros apenas e vai viabilizar o desenvolvimento n\u00e3o s\u00f3 do Tocantins como o Mato Grosso, mas tamb\u00e9m do Brasil\u201d, afirmou o Governador.<\/p>\n\n\n\n<p>Sobre a rodovia passar pela reserva ind\u00edgena na Ilha do Bananal, o governador Mauro Carlesse afirmou que os ind\u00edgenas j\u00e1 se manifestaram favoravelmente \u00e0 constru\u00e7\u00e3o da rodovia, que segundo o Governador, ir\u00e1 viabilizar economicamente a regi\u00e3o e tamb\u00e9m oferecer melhores condi\u00e7\u00f5es de vida aos ind\u00edgenas. \u201cOs \u00edndios tem interesse na rodovia, pois ela ser\u00e1 privatizada e uma parte do ped\u00e1gio ser\u00e1 revertida aos \u00edndios para que eles melhorem as condi\u00e7\u00f5es de vida deles, pois hoje vivem precariamente\u201d, afirmou o Governador.<\/p>\n","protected":false},"excerpt":{"rendered":"<p>O governador do Estado do Tocantins, Mauro Carlesse, participa nesta ter\u00e7a-feira, 27, da reuni\u00e3o promovida pela Presid\u00eancia da Rep\u00fablica com os governadores da Amaz\u00f4nia Legal para discuss\u00e3o sobre as queimadas na regi\u00e3o e alternativas de desenvolvimento sustent\u00e1vel para os estados. Em sua fala, o governador Mauro Carlesse apresentou a situa\u00e7\u00e3o do Tocantins e afirmou que [&hellip;]<\/p>\n","protected":false},"author":2,"featured_media":3893,"comment_status":"open","ping_status":"open","sticky":false,"template":"","format":"standard","meta":[],"categories":[4],"tags":[],"_links":{"self":[{"href":"https:\/\/dgospel.com.br\/portal\/index.php\/wp-json\/wp\/v2\/posts\/3892"}],"collection":[{"href":"https:\/\/dgospel.com.br\/portal\/index.php\/wp-json\/wp\/v2\/posts"}],"about":[{"href":"https:\/\/dgospel.com.br\/portal\/index.php\/wp-json\/wp\/v2\/types\/post"}],"author":[{"embeddable":true,"href":"https:\/\/dgospel.com.br\/portal\/index.php\/wp-json\/wp\/v2\/users\/2"}],"replies":[{"embeddable":true,"href":"https:\/\/dgospel.com.br\/portal\/index.php\/wp-json\/wp\/v2\/comments?post=3892"}],"version-history":[{"count":1,"href":"https:\/\/dgospel.com.br\/portal\/index.php\/wp-json\/wp\/v2\/posts\/3892\/revisions"}],"predecessor-version":[{"id":3894,"href":"https:\/\/dgospel.com.br\/portal\/index.php\/wp-json\/wp\/v2\/posts\/3892\/revisions\/3894"}],"wp:featuredmedia":[{"embeddable":true,"href":"https:\/\/dgospel.com.br\/portal\/index.php\/wp-json\/wp\/v2\/media\/3893"}],"wp:attachment":[{"href":"https:\/\/dgospel.com.br\/portal\/index.php\/wp-json\/wp\/v2\/media?parent=3892"}],"wp:term":[{"taxonomy":"category","embeddable":true,"href":"https:\/\/dgospel.com.br\/portal\/index.php\/wp-json\/wp\/v2\/categories?post=3892"},{"taxonomy":"post_tag","embeddable":true,"href":"https:\/\/dgospel.com.br\/portal\/index.php\/wp-json\/wp\/v2\/tags?post=3892"}],"curies":[{"name":"wp","href":"https:\/\/api.w.org\/{rel}","templated":true}]}}