{"id":3895,"date":"2019-08-29T10:40:04","date_gmt":"2019-08-29T13:40:04","guid":{"rendered":"http:\/\/dgospel.com.br\/portal\/?p=3895"},"modified":"2019-08-29T10:40:06","modified_gmt":"2019-08-29T13:40:06","slug":"leo-barbosa-solicita-implantacao-de-colegio-militar-em-taquaralto","status":"publish","type":"post","link":"https:\/\/dgospel.com.br\/portal\/index.php\/2019\/08\/29\/leo-barbosa-solicita-implantacao-de-colegio-militar-em-taquaralto\/","title":{"rendered":"L\u00e9o Barbosa solicita implanta\u00e7\u00e3o de Col\u00e9gio Militar em Taquaralto"},"content":{"rendered":"\n<p>O deputado estadual L\u00e9o Barbosa (SD) solicitou atrav\u00e9s de requerimento encaminhado ao governo do Estado, durante a sess\u00e3o ordin\u00e1ria desta ter\u00e7a-feira (27), na Assembleia Legislativa, a implanta\u00e7\u00e3o de uma Unidade do Col\u00e9gio da Pol\u00edcia Militar em Taquaralto, na regi\u00e3o sul de Palmas.<\/p>\n\n\n\n<p>Atualmente h\u00e1 duas unidades implantadas na Capital, uma na quadra 604 Sul e outra na quadra 206 Norte, que atendem ensino fundamental e m\u00e9dio, respectivamente. De acordo com o parlamentar, a instala\u00e7\u00e3o de mais um col\u00e9gio, agora em Taquaralto, proporcionar\u00e1 melhor atendimento \u00e0 comunidade das Aurenys, bairros pr\u00f3ximos, Assentamentos e Taquaru\u00e7u.<\/p>\n\n\n\n<p>Barbosa destaca que os col\u00e9gios militares s\u00e3o institui\u00e7\u00f5es de ensino que apresentam bom desempenho em avalia\u00e7\u00f5es nacionais e que muitas fam\u00edlias aprovam a metodologia utilizada neles. \u201cOs Col\u00e9gios Militares aliam a forma\u00e7\u00e3o pedag\u00f3gica aos princ\u00edpios da hierarquia e disciplina, e os resultados positivos s\u00e3o vis\u00edveis nas&nbsp;notas no \u00cdndice de Desenvolvimento da Educa\u00e7\u00e3o B\u00e1sica (IDEB) e no Exame Nacional do Ensino M\u00e9dio (Enem)\u201d, ressaltou.<\/p>\n\n\n\n<p>L\u00e9o ressalta que em consulta atrav\u00e9s das redes sociais, muitas pessoas apoiaram a ideia de adaptar um dos col\u00e9gios estaduais de Taquaralto para o sistema militar. \u201cLevantei essa discuss\u00e3o nas redes sociais e aceita\u00e7\u00e3o \u00e9 gigantesca, porque a disciplina \u00e9 muito forte e isso \u00e9 um dos pontos que motiva os pais a matricularem seus filhos\u201d, completou.<\/p>\n\n\n\n<p>Ainda durante a sess\u00e3o, o parlamentar tamb\u00e9m solicitou a implanta\u00e7\u00e3o de uma unidade do &#8220;\u00c9 PRA J\u00c1\u201d em Palmas. O programa de atendimento r\u00e1pido ao cidad\u00e3o oferece servi\u00e7os p\u00fablicos&nbsp;de \u00f3rg\u00e3os estaduais da administra\u00e7\u00e3o direta e indireta,&nbsp;entre eles&nbsp;emiss\u00e3o da carteira de identidade, carteira de habilita\u00e7\u00e3o, 2\u00aa via da conta de \u00e1gua, emiss\u00e3o de notas fiscais avulsas e de boletos para pagamento de IPVA.<\/p>\n","protected":false},"excerpt":{"rendered":"<p>O deputado estadual L\u00e9o Barbosa (SD) solicitou atrav\u00e9s de requerimento encaminhado ao governo do Estado, durante a sess\u00e3o ordin\u00e1ria desta ter\u00e7a-feira (27), na Assembleia Legislativa, a implanta\u00e7\u00e3o de uma Unidade do Col\u00e9gio da Pol\u00edcia Militar em Taquaralto, na regi\u00e3o sul de Palmas. Atualmente h\u00e1 duas unidades implantadas na Capital, uma na quadra 604 Sul e [&hellip;]<\/p>\n","protected":false},"author":2,"featured_media":3896,"comment_status":"open","ping_status":"open","sticky":false,"template":"","format":"standard","meta":[],"categories":[8],"tags":[],"_links":{"self":[{"href":"https:\/\/dgospel.com.br\/portal\/index.php\/wp-json\/wp\/v2\/posts\/3895"}],"collection":[{"href":"https:\/\/dgospel.com.br\/portal\/index.php\/wp-json\/wp\/v2\/posts"}],"about":[{"href":"https:\/\/dgospel.com.br\/portal\/index.php\/wp-json\/wp\/v2\/types\/post"}],"author":[{"embeddable":true,"href":"https:\/\/dgospel.com.br\/portal\/index.php\/wp-json\/wp\/v2\/users\/2"}],"replies":[{"embeddable":true,"href":"https:\/\/dgospel.com.br\/portal\/index.php\/wp-json\/wp\/v2\/comments?post=3895"}],"version-history":[{"count":1,"href":"https:\/\/dgospel.com.br\/portal\/index.php\/wp-json\/wp\/v2\/posts\/3895\/revisions"}],"predecessor-version":[{"id":3897,"href":"https:\/\/dgospel.com.br\/portal\/index.php\/wp-json\/wp\/v2\/posts\/3895\/revisions\/3897"}],"wp:featuredmedia":[{"embeddable":true,"href":"https:\/\/dgospel.com.br\/portal\/index.php\/wp-json\/wp\/v2\/media\/3896"}],"wp:attachment":[{"href":"https:\/\/dgospel.com.br\/portal\/index.php\/wp-json\/wp\/v2\/media?parent=3895"}],"wp:term":[{"taxonomy":"category","embeddable":true,"href":"https:\/\/dgospel.com.br\/portal\/index.php\/wp-json\/wp\/v2\/categories?post=3895"},{"taxonomy":"post_tag","embeddable":true,"href":"https:\/\/dgospel.com.br\/portal\/index.php\/wp-json\/wp\/v2\/tags?post=3895"}],"curies":[{"name":"wp","href":"https:\/\/api.w.org\/{rel}","templated":true}]}}