{"id":3898,"date":"2019-08-29T20:21:19","date_gmt":"2019-08-29T23:21:19","guid":{"rendered":"http:\/\/dgospel.com.br\/portal\/?p=3898"},"modified":"2019-08-29T20:21:20","modified_gmt":"2019-08-29T23:21:20","slug":"gleydson-nato-assume-lideranca-do-governo-na-assembleia","status":"publish","type":"post","link":"https:\/\/dgospel.com.br\/portal\/index.php\/2019\/08\/29\/gleydson-nato-assume-lideranca-do-governo-na-assembleia\/","title":{"rendered":"Gleydson Nato assume lideran\u00e7a do Governo na Assembleia"},"content":{"rendered":"\n<p>O deputado Gleydson Nato (PHS) \u00e9 o novo l\u00edder do Governo na\nAssembleia&nbsp;Legislativa. A mensagem do governador do Estado, Mauro Carlesse\n(DEM), foi lida em plen\u00e1rio na sess\u00e3o desta quinta-feira, 29. O\nparlamentar&nbsp; substitui a deputada Valderez Castelo Branco (PP), que\nocupava a&nbsp;lideran\u00e7a desde fevereiro de 2019.<\/p>\n\n\n\n<p>Gleydson Nato \u00e9 suplente e exerce o mandato no lugar do deputado\nEduardo&nbsp;<\/p>\n\n\n\n<p>Siqueira Campos (DEM), licenciado para tratamento de sa\u00fade por 121\ndias.&nbsp;<\/p>\n\n\n\n<p>Ele assumiu a vaga no dia 6 de agosto deste ano.<\/p>\n\n\n\n<p>Formado em Marketing, Nato nasceu em 1979 na cidade de Gurupi,\nonde&nbsp;atuou \u00e0 frente da Secretaria Municipal de Desenvolvimento Social\npor&nbsp;mais de 12 anos. Eleito vereador daquele munic\u00edpio em 2013, presidiu\na&nbsp;Junta Comercial do Estado do Tocantins (Jucetins) durante seis meses.<\/p>\n\n\n\n<p>Ao justificar seu pedido de afastamento, Valderez indicou mais\ntempo&nbsp;para cuidar de sua sa\u00fade. Ressaltou, por\u00e9m, sua disposi\u00e7\u00e3o para\nauxiliar&nbsp;o novo l\u00edder no que for preciso.<\/p>\n\n\n\n<p>O presidente da Casa, deputado Ant\u00f4nio Andrade, destacou o trabalho\nde&nbsp;Valderez na lideran\u00e7a do Governo. \u201cValderez \u00e9 uma deputada querida\npor&nbsp;todos. Contribuiu muito com os trabalhos da Casa sempre com equil\u00edbrio\ne&nbsp;sabedoria\u201d, disse.<\/p>\n\n\n\n<p>Suas a\u00e7\u00f5es como l\u00edder do Governo tamb\u00e9m foram elogiadas pelos\ndeputados&nbsp;Elenil da Penha (MDB), J\u00fanior Geo (PROS), Vilmar de\nOliveira&nbsp;(Solidariedade), Cl\u00e1udia Lelis (PV), Jorge Frederico (MDB), Issam\nSaado&nbsp;(PV), Wanda Monteiro (PSL) e Delegado Rerisson (DC).<\/p>\n","protected":false},"excerpt":{"rendered":"<p>O deputado Gleydson Nato (PHS) \u00e9 o novo l\u00edder do Governo na Assembleia&nbsp;Legislativa. A mensagem do governador do Estado, Mauro Carlesse (DEM), foi lida em plen\u00e1rio na sess\u00e3o desta quinta-feira, 29. O parlamentar&nbsp; substitui a deputada Valderez Castelo Branco (PP), que ocupava a&nbsp;lideran\u00e7a desde fevereiro de 2019. Gleydson Nato \u00e9 suplente e exerce o mandato [&hellip;]<\/p>\n","protected":false},"author":2,"featured_media":3899,"comment_status":"open","ping_status":"open","sticky":false,"template":"","format":"standard","meta":[],"categories":[8],"tags":[],"_links":{"self":[{"href":"https:\/\/dgospel.com.br\/portal\/index.php\/wp-json\/wp\/v2\/posts\/3898"}],"collection":[{"href":"https:\/\/dgospel.com.br\/portal\/index.php\/wp-json\/wp\/v2\/posts"}],"about":[{"href":"https:\/\/dgospel.com.br\/portal\/index.php\/wp-json\/wp\/v2\/types\/post"}],"author":[{"embeddable":true,"href":"https:\/\/dgospel.com.br\/portal\/index.php\/wp-json\/wp\/v2\/users\/2"}],"replies":[{"embeddable":true,"href":"https:\/\/dgospel.com.br\/portal\/index.php\/wp-json\/wp\/v2\/comments?post=3898"}],"version-history":[{"count":1,"href":"https:\/\/dgospel.com.br\/portal\/index.php\/wp-json\/wp\/v2\/posts\/3898\/revisions"}],"predecessor-version":[{"id":3900,"href":"https:\/\/dgospel.com.br\/portal\/index.php\/wp-json\/wp\/v2\/posts\/3898\/revisions\/3900"}],"wp:featuredmedia":[{"embeddable":true,"href":"https:\/\/dgospel.com.br\/portal\/index.php\/wp-json\/wp\/v2\/media\/3899"}],"wp:attachment":[{"href":"https:\/\/dgospel.com.br\/portal\/index.php\/wp-json\/wp\/v2\/media?parent=3898"}],"wp:term":[{"taxonomy":"category","embeddable":true,"href":"https:\/\/dgospel.com.br\/portal\/index.php\/wp-json\/wp\/v2\/categories?post=3898"},{"taxonomy":"post_tag","embeddable":true,"href":"https:\/\/dgospel.com.br\/portal\/index.php\/wp-json\/wp\/v2\/tags?post=3898"}],"curies":[{"name":"wp","href":"https:\/\/api.w.org\/{rel}","templated":true}]}}