{"id":3901,"date":"2019-08-29T20:23:53","date_gmt":"2019-08-29T23:23:53","guid":{"rendered":"http:\/\/dgospel.com.br\/portal\/?p=3901"},"modified":"2019-08-29T20:23:54","modified_gmt":"2019-08-29T23:23:54","slug":"ministro-da-infraestrutura-tarcisio-de-freitas-junto-com-a-bancada-do-tocantins-assinam-ordem-de-servico-da-ponte-de-xambioa","status":"publish","type":"post","link":"https:\/\/dgospel.com.br\/portal\/index.php\/2019\/08\/29\/ministro-da-infraestrutura-tarcisio-de-freitas-junto-com-a-bancada-do-tocantins-assinam-ordem-de-servico-da-ponte-de-xambioa\/","title":{"rendered":"Ministro da Infraestrutura Tarc\u00edsio de Freitas junto com a Bancada do Tocantins assinam Ordem de Servi\u00e7o da Ponte de Xambio\u00e1"},"content":{"rendered":"\n<p>A Bancada Federal do Tocantins reuniu nesta quinta-feira, 29, no Minist\u00e9rio da Infraestrutura para a assinatura da Ordem de Servi\u00e7o da Constru\u00e7\u00e3o da Ponte sobre o Rio Araguaia, entre os munic\u00edpios de Xambio\u00e1 (TO) e S\u00e3o Geraldo (PA).<\/p>\n\n\n\n<p>Durante a assinatura, o Ministro Tarc\u00edsio de Freitas lembrou aos parlamentares que conhece o trabalho da empresa respons\u00e1vel pela execu\u00e7\u00e3o da obra, que trata-se de uma das melhores do Pa\u00eds e o Governo Federal est\u00e1 comprometido a entregar esta obra.<\/p>\n\n\n\n<p>Tarc\u00edsio de Freitas explicou que a partir de hoje a empresa tem at\u00e9 seis meses para entregar o projeto, mas com o objetivo de agilizar a execu\u00e7\u00e3o, os canteiros de obra j\u00e1 ser\u00e3o iniciados de imediato.<\/p>\n\n\n\n<p>Vicentinho J\u00fanior agradeceu o ministro Tarc\u00edsio de Freitas pelo compromisso com o Tocantins. \u201cEm audi\u00eancia no dia 21 de agosto, o Ministro se comprometeu a reunir a bancada o mais breve poss\u00edvel para assinar a ordem de servi\u00e7o com in\u00edcio imediato das obras. Sou imensamente grato por saber que o governo federal est\u00e1 comprometido em apresentar alternativas que viabilizem o desenvolvimento do Pa\u00eds\u201d, disse.<\/p>\n\n\n\n<p><strong>Recursos<\/strong><\/p>\n\n\n\n<p>A obra da Ponte de Xambio\u00e1 foi contemplada pelo Programa de Acelera\u00e7\u00e3o do Crescimento (PAC), com or\u00e7amento inicial de R$ 160 milh\u00f5es, dos quais R$ 100 milh\u00f5es foram garantidos por emenda impositiva da bancada federal do Tocantins em 2017.<\/p>\n\n\n\n<p>Membro da Comiss\u00e3o de Via\u00e7\u00e3o e Transportes (CVT), o deputado federal Vicentinho J\u00fanior (PL-TO) destinou ainda em seu primeiro mandato uma emenda de R$25 milh\u00f5es para contemplar esta t\u00e3o importante obra para o Pa\u00eds. \u201cEm 2017, estive em Xambio\u00e1, na assinatura do contrato realizada pelo presidente Michel Temer, e ap\u00f3s dois anos de entraves na Justi\u00e7a, hoje o Ministro Tarc\u00edsio de Freitas, representando o presidente Jair Bolsonaro, junto com a Bancada do Tocantins e a equipe do Dnit deu a Ordem de in\u00edcio imediato desta constru\u00e7\u00e3o e garantiu que esta obra ser\u00e1 entregue por este governo\u201d.<\/p>\n\n\n\n<p><strong>Presentes<\/strong><\/p>\n\n\n\n<p>Participaram do encontro os deputados federais Eli Borges (SD), Osires Damaso (PSC), Vicentinho J\u00fanior (PR), Dulce Miranda (MDB) e Tiago Dimas (SD). Do departamento Nacional de Infraestrutura e Transportes, o Diretor Geral General Santos Filho; o diretor geral de constru\u00e7\u00e3o rodovi\u00e1ria, Lucas Vissoto; o engenheiro de projetos, Victor Falc\u00e3o; o diretor de planejamento e pesquisa, Luiz Guilherme Melo.<br><\/p>\n","protected":false},"excerpt":{"rendered":"<p>A Bancada Federal do Tocantins reuniu nesta quinta-feira, 29, no Minist\u00e9rio da Infraestrutura para a assinatura da Ordem de Servi\u00e7o da Constru\u00e7\u00e3o da Ponte sobre o Rio Araguaia, entre os munic\u00edpios de Xambio\u00e1 (TO) e S\u00e3o Geraldo (PA). Durante a assinatura, o Ministro Tarc\u00edsio de Freitas lembrou aos parlamentares que conhece o trabalho da empresa [&hellip;]<\/p>\n","protected":false},"author":2,"featured_media":3902,"comment_status":"open","ping_status":"open","sticky":false,"template":"","format":"standard","meta":[],"categories":[3],"tags":[],"_links":{"self":[{"href":"https:\/\/dgospel.com.br\/portal\/index.php\/wp-json\/wp\/v2\/posts\/3901"}],"collection":[{"href":"https:\/\/dgospel.com.br\/portal\/index.php\/wp-json\/wp\/v2\/posts"}],"about":[{"href":"https:\/\/dgospel.com.br\/portal\/index.php\/wp-json\/wp\/v2\/types\/post"}],"author":[{"embeddable":true,"href":"https:\/\/dgospel.com.br\/portal\/index.php\/wp-json\/wp\/v2\/users\/2"}],"replies":[{"embeddable":true,"href":"https:\/\/dgospel.com.br\/portal\/index.php\/wp-json\/wp\/v2\/comments?post=3901"}],"version-history":[{"count":1,"href":"https:\/\/dgospel.com.br\/portal\/index.php\/wp-json\/wp\/v2\/posts\/3901\/revisions"}],"predecessor-version":[{"id":3903,"href":"https:\/\/dgospel.com.br\/portal\/index.php\/wp-json\/wp\/v2\/posts\/3901\/revisions\/3903"}],"wp:featuredmedia":[{"embeddable":true,"href":"https:\/\/dgospel.com.br\/portal\/index.php\/wp-json\/wp\/v2\/media\/3902"}],"wp:attachment":[{"href":"https:\/\/dgospel.com.br\/portal\/index.php\/wp-json\/wp\/v2\/media?parent=3901"}],"wp:term":[{"taxonomy":"category","embeddable":true,"href":"https:\/\/dgospel.com.br\/portal\/index.php\/wp-json\/wp\/v2\/categories?post=3901"},{"taxonomy":"post_tag","embeddable":true,"href":"https:\/\/dgospel.com.br\/portal\/index.php\/wp-json\/wp\/v2\/tags?post=3901"}],"curies":[{"name":"wp","href":"https:\/\/api.w.org\/{rel}","templated":true}]}}