{"id":3908,"date":"2019-08-30T09:35:16","date_gmt":"2019-08-30T12:35:16","guid":{"rendered":"http:\/\/dgospel.com.br\/portal\/?p=3908"},"modified":"2019-08-30T09:35:19","modified_gmt":"2019-08-30T12:35:19","slug":"procon-realiza-acao-educativa-do-fiscal-mirim-e-aborda-consumo-consciente-infantil","status":"publish","type":"post","link":"https:\/\/dgospel.com.br\/portal\/index.php\/2019\/08\/30\/procon-realiza-acao-educativa-do-fiscal-mirim-e-aborda-consumo-consciente-infantil\/","title":{"rendered":"Procon realiza a\u00e7\u00e3o educativa do Fiscal Mirim e aborda consumo consciente infantil"},"content":{"rendered":"\n<p>Com o objetivo de conscientizar as crian\u00e7as sobre a import\u00e2ncia do consumo consciente, uma vez que s\u00e3o alvo das campanhas de marketing e publicidades que as convidam a consumirem cada vez mais cedo, o Procon&nbsp;realizou uma a\u00e7\u00e3o educativa na manha desta quinta-feira, 29,&nbsp; no Centro de Educa\u00e7\u00e3o Infantil (CEI) Elizabeth Alves Carvalho.<\/p>\n\n\n\n<p>Com o tema Ser crian\u00e7a e a Educa\u00e7\u00e3o para o Consumo, a palestra foi realizada por t\u00e9cnicos do N\u00facleo de Atendimento de Aragua\u00edna, com 200 crian\u00e7as de 3 a 6 anos de idade. A a\u00e7\u00e3o faz parte do Projeto Fiscal Mirim e que incentiva e orienta&nbsp;as crian\u00e7as para que tornem fiscais na hora da compra de qualquer produto.<\/p>\n\n\n\n<p>\u201cO p\u00fablico infantil \u00e9 super vulner\u00e1vel, por isso se n\u00e3o forem bem orientadas, podem se tornar jovens consumistas, al\u00e9m de v\u00edtimas de muitos problemas causados por formas inadequadas de consumo\u201d, afirmou o diretor do N\u00facleo, Manoel Messias.<\/p>\n\n\n\n<p>De forma l\u00fadica e interativa, foi repassado para os pequenos consumidores o que \u00e9 propaganda abusiva e enganosa e seus direitos. Da mesma forma, como \u00e9 feita a atua\u00e7\u00e3o do Procon em defesa do consumidor.<\/p>\n\n\n\n<p>\u201cO uso dos personagens de super her\u00f3is&nbsp;consegue chamar \u00e0 aten\u00e7\u00e3o das crian\u00e7as. Trabalhamos a import\u00e2ncia do papai e da mam\u00e3e quando dizem que n\u00e3o podem comprar porque n\u00e3o tem dinheiro\u201d, explicou a coordenadora de Educa\u00e7\u00e3o para o Consumo, Renata Vasconcelos.<\/p>\n\n\n\n<p><strong>Fiscal Mirim<\/strong><\/p>\n\n\n\n<p>O projeto&nbsp;Fiscal Mirim&nbsp;\u00e9 realizado nos 11 n\u00facleos do Procon nas unidades de ensino. Durante as atividades, as crian\u00e7as est\u00e3o recebendo material informativo que cont\u00e9m itens importantes que devem ser observados na hora das compras.<\/p>\n","protected":false},"excerpt":{"rendered":"<p>Com o objetivo de conscientizar as crian\u00e7as sobre a import\u00e2ncia do consumo consciente, uma vez que s\u00e3o alvo das campanhas de marketing e publicidades que as convidam a consumirem cada vez mais cedo, o Procon&nbsp;realizou uma a\u00e7\u00e3o educativa na manha desta quinta-feira, 29,&nbsp; no Centro de Educa\u00e7\u00e3o Infantil (CEI) Elizabeth Alves Carvalho. Com o tema [&hellip;]<\/p>\n","protected":false},"author":2,"featured_media":3909,"comment_status":"open","ping_status":"open","sticky":false,"template":"","format":"standard","meta":[],"categories":[3],"tags":[],"_links":{"self":[{"href":"https:\/\/dgospel.com.br\/portal\/index.php\/wp-json\/wp\/v2\/posts\/3908"}],"collection":[{"href":"https:\/\/dgospel.com.br\/portal\/index.php\/wp-json\/wp\/v2\/posts"}],"about":[{"href":"https:\/\/dgospel.com.br\/portal\/index.php\/wp-json\/wp\/v2\/types\/post"}],"author":[{"embeddable":true,"href":"https:\/\/dgospel.com.br\/portal\/index.php\/wp-json\/wp\/v2\/users\/2"}],"replies":[{"embeddable":true,"href":"https:\/\/dgospel.com.br\/portal\/index.php\/wp-json\/wp\/v2\/comments?post=3908"}],"version-history":[{"count":1,"href":"https:\/\/dgospel.com.br\/portal\/index.php\/wp-json\/wp\/v2\/posts\/3908\/revisions"}],"predecessor-version":[{"id":3910,"href":"https:\/\/dgospel.com.br\/portal\/index.php\/wp-json\/wp\/v2\/posts\/3908\/revisions\/3910"}],"wp:featuredmedia":[{"embeddable":true,"href":"https:\/\/dgospel.com.br\/portal\/index.php\/wp-json\/wp\/v2\/media\/3909"}],"wp:attachment":[{"href":"https:\/\/dgospel.com.br\/portal\/index.php\/wp-json\/wp\/v2\/media?parent=3908"}],"wp:term":[{"taxonomy":"category","embeddable":true,"href":"https:\/\/dgospel.com.br\/portal\/index.php\/wp-json\/wp\/v2\/categories?post=3908"},{"taxonomy":"post_tag","embeddable":true,"href":"https:\/\/dgospel.com.br\/portal\/index.php\/wp-json\/wp\/v2\/tags?post=3908"}],"curies":[{"name":"wp","href":"https:\/\/api.w.org\/{rel}","templated":true}]}}