{"id":3911,"date":"2019-08-30T09:48:43","date_gmt":"2019-08-30T12:48:43","guid":{"rendered":"http:\/\/dgospel.com.br\/portal\/?p=3911"},"modified":"2019-08-30T09:48:44","modified_gmt":"2019-08-30T12:48:44","slug":"governador-carlesse-pretende-manter-o-tocantins-na-rota-do-sertoes","status":"publish","type":"post","link":"https:\/\/dgospel.com.br\/portal\/index.php\/2019\/08\/30\/governador-carlesse-pretende-manter-o-tocantins-na-rota-do-sertoes\/","title":{"rendered":"Governador Carlesse pretende manter o Tocantins na rota do Sert\u00f5es"},"content":{"rendered":"\n<p>O governador do Estado do Tocantins Mauro Carlesse, acompanhado do prefeito de S\u00e3o F\u00e9lix Marlen Ribeiro, prestigiou a passagem do rally Sert\u00f5es pelo Jalap\u00e3o nesta quinta-feira, 29, ao recepcionar os competidores em S\u00e3o F\u00e9lix do Tocantins.<\/p>\n\n\n\n<p>De acordo com o governador Carlesse, a passagem do rally pelo Jalap\u00e3o auxilia na divulga\u00e7\u00e3o dos atrativos tur\u00edsticos da regi\u00e3o e favorece o Estado na atra\u00e7\u00e3o de novos visitantes. &#8220;Temos que receber a todos que visitam o nosso Jalap\u00e3o e nosso Estado. O Sert\u00f5es nos ajuda a divulgar todas essas belezas e com certeza mais pessoas vir\u00e3o e vai ajudar a economia local gerando empregos para nossa gente&#8221;, afirmou o Governador que constatou a lota\u00e7\u00e3o m\u00e1xima das pousadas e hot\u00e9is em S\u00e3o F\u00e9lix durante a passagem do Sert\u00f5es. &#8220;At\u00e9 \u00e0s casas \u00e0s pessoas est\u00e3o alugando para os visitantes que v\u00eam por causa do rally&#8221;, ressaltou.<\/p>\n\n\n\n<p>O presidente da Ag\u00eancia Tocantinense de Desenvolvimento do Turismo, Cultura e Economia Criativa (Adetuc), Tom Lyra, disse que a determina\u00e7\u00e3o do Governador \u00e9 que o Tocantins prossiga integrado na rota do rally Sert\u00f5es. &#8220;Essa \u00e9 uma determina\u00e7\u00e3o do Governador para que resgatasse o Sert\u00f5es como forma de divulga\u00e7\u00e3o do Estado, mas principalmente de gera\u00e7\u00e3o de emprego e renda para o nosso povo&#8221;, afirmou o presidente da Adetuc.<\/p>\n\n\n\n<p>O governador Mauro Carlesse chegou a S\u00e3o F\u00e9lix do Tocantins ainda pela manh\u00e3 desta quinta-feira e visitou os stands do Governo do Estado e do Sebrae. J\u00e1 no per\u00edodo da tarde, o Governador recepcionou os pilotos que chegavam a S\u00e3o F\u00e9lix ao visitar o local onde os ve\u00edculos ficar\u00e3o estacionados at\u00e9 o in\u00edcio da pr\u00f3xima etapa do rally, nesta sexta-feira, 30.<\/p>\n","protected":false},"excerpt":{"rendered":"<p>O governador do Estado do Tocantins Mauro Carlesse, acompanhado do prefeito de S\u00e3o F\u00e9lix Marlen Ribeiro, prestigiou a passagem do rally Sert\u00f5es pelo Jalap\u00e3o nesta quinta-feira, 29, ao recepcionar os competidores em S\u00e3o F\u00e9lix do Tocantins. De acordo com o governador Carlesse, a passagem do rally pelo Jalap\u00e3o auxilia na divulga\u00e7\u00e3o dos atrativos tur\u00edsticos da [&hellip;]<\/p>\n","protected":false},"author":2,"featured_media":3909,"comment_status":"open","ping_status":"open","sticky":false,"template":"","format":"standard","meta":[],"categories":[4],"tags":[],"_links":{"self":[{"href":"https:\/\/dgospel.com.br\/portal\/index.php\/wp-json\/wp\/v2\/posts\/3911"}],"collection":[{"href":"https:\/\/dgospel.com.br\/portal\/index.php\/wp-json\/wp\/v2\/posts"}],"about":[{"href":"https:\/\/dgospel.com.br\/portal\/index.php\/wp-json\/wp\/v2\/types\/post"}],"author":[{"embeddable":true,"href":"https:\/\/dgospel.com.br\/portal\/index.php\/wp-json\/wp\/v2\/users\/2"}],"replies":[{"embeddable":true,"href":"https:\/\/dgospel.com.br\/portal\/index.php\/wp-json\/wp\/v2\/comments?post=3911"}],"version-history":[{"count":1,"href":"https:\/\/dgospel.com.br\/portal\/index.php\/wp-json\/wp\/v2\/posts\/3911\/revisions"}],"predecessor-version":[{"id":3912,"href":"https:\/\/dgospel.com.br\/portal\/index.php\/wp-json\/wp\/v2\/posts\/3911\/revisions\/3912"}],"wp:featuredmedia":[{"embeddable":true,"href":"https:\/\/dgospel.com.br\/portal\/index.php\/wp-json\/wp\/v2\/media\/3909"}],"wp:attachment":[{"href":"https:\/\/dgospel.com.br\/portal\/index.php\/wp-json\/wp\/v2\/media?parent=3911"}],"wp:term":[{"taxonomy":"category","embeddable":true,"href":"https:\/\/dgospel.com.br\/portal\/index.php\/wp-json\/wp\/v2\/categories?post=3911"},{"taxonomy":"post_tag","embeddable":true,"href":"https:\/\/dgospel.com.br\/portal\/index.php\/wp-json\/wp\/v2\/tags?post=3911"}],"curies":[{"name":"wp","href":"https:\/\/api.w.org\/{rel}","templated":true}]}}