{"id":3919,"date":"2019-09-02T15:53:14","date_gmt":"2019-09-02T18:53:14","guid":{"rendered":"http:\/\/dgospel.com.br\/portal\/?p=3919"},"modified":"2019-09-02T15:53:16","modified_gmt":"2019-09-02T18:53:16","slug":"governador-carlesse-apresenta-programa-de-educacao-ambiental-a-governadores-e-ministros","status":"publish","type":"post","link":"https:\/\/dgospel.com.br\/portal\/index.php\/2019\/09\/02\/governador-carlesse-apresenta-programa-de-educacao-ambiental-a-governadores-e-ministros\/","title":{"rendered":"Governador Carlesse apresenta programa de educa\u00e7\u00e3o ambiental a governadores e ministros"},"content":{"rendered":"\n<p>O governador do Estado do Tocantins, Mauro Carlesse, cumpre agenda oficial em Bel\u00e9m-PA&nbsp;nesta segunda-feira, 2, a convite do Governo Federal e do governador do Par\u00e1, Helder Barbalho, para uma nova reuni\u00e3o, agora com cinco ministros de Estado, para discutir o combate aos inc\u00eandios, o desmatamento ilegal e tamb\u00e9m alternativas de desenvolvimento sustent\u00e1vel na Amaz\u00f4nia Legal.<\/p>\n\n\n\n<p>Em sua fala, o governador Mauro Carlesse defendeu a educa\u00e7\u00e3o ambiental para jovens e crian\u00e7as como a principal alternativa visando \u00e0 preserva\u00e7\u00e3o das florestas e do cerrado no futuro. De acordo com o Governador do Tocantins, a falta de conhecimento leva tanto os moradores da zona rural, como tamb\u00e9m&nbsp;o cidad\u00e3o urbano, a agir de forma inadequada com o meio em que vive.<\/p>\n\n\n\n<p>O Governador tocantinense defendeu a implanta\u00e7\u00e3o de uma pol\u00edtica que eduque as novas gera\u00e7\u00f5es, criando uma consci\u00eancia coletiva voltada \u00e0 prote\u00e7\u00e3o da fauna e flora. \u201cOu fazemos isso ou seguiremos gastando milh\u00f5es no combate \u00e0s queimadas e n\u00e3o vamos atingir um resultado positivo\u201d, afirmou.<\/p>\n\n\n\n<p>Como alternativa de conscientiza\u00e7\u00e3o das novas gera\u00e7\u00f5es, o governador Mauro Carlesse apresentou aos demais governadores e ministros o programa Pioneiros P\u00e1tria Amada. Na proposta do governador Carlesse, inicialmente o programa deve atender cerca de 25 mil crian\u00e7as nos 139 munic\u00edpios, visando o complemento da atividade escolar e tendo como principal foco a educa\u00e7\u00e3o ambiental e o ensinamento de pr\u00e1ticas sustent\u00e1veis de manejo, visando formar um cidad\u00e3o consciente e ativo na preserva\u00e7\u00e3o. \u201cParte do Fundo da Amaz\u00f4nia pode ser utilizado diretamente para financiar esse programa que poder\u00e1 ser ampliado para os demais Estados\u201d, prop\u00f4s o governador Carlesse, que tamb\u00e9m entregou c\u00f3pia do projeto aos demais governadores e ministros.<\/p>\n\n\n\n<p><strong>Presentes<\/strong><\/p>\n\n\n\n<p>Cinco ministros est\u00e3o presentes nesta reuni\u00e3o em Bel\u00e9m: Onyx Lorenzoni (Casa Civil); Ricardo Salles (Meio Ambiente); Fernando Azevedo (Defesa); Tereza Cristina (Agricultura, Pecu\u00e1ria e Abastecimento); Jorge Oliveira (Secretaria Geral da Presid\u00eancia da Rep\u00fablica). Al\u00e9m do anfitri\u00e3o H\u00e9lder Barbalho, governador do Par\u00e1, e do governador do Tocantins, Mauro Carlesse, tamb\u00e9m est\u00e3o presentes o governador do Mato Grosso, Mauro Mendes; o governador do Amap\u00e1, Waldez G\u00f3es, que tamb\u00e9m \u00e9 presidente do cons\u00f3rcio interestadual da Amaz\u00f4nia Legal; e o vice-governador do Maranh\u00e3o, Carlos Brand\u00e3o.<\/p>\n","protected":false},"excerpt":{"rendered":"<p>O governador do Estado do Tocantins, Mauro Carlesse, cumpre agenda oficial em Bel\u00e9m-PA&nbsp;nesta segunda-feira, 2, a convite do Governo Federal e do governador do Par\u00e1, Helder Barbalho, para uma nova reuni\u00e3o, agora com cinco ministros de Estado, para discutir o combate aos inc\u00eandios, o desmatamento ilegal e tamb\u00e9m alternativas de desenvolvimento sustent\u00e1vel na Amaz\u00f4nia Legal. [&hellip;]<\/p>\n","protected":false},"author":2,"featured_media":3920,"comment_status":"open","ping_status":"open","sticky":false,"template":"","format":"standard","meta":[],"categories":[4],"tags":[],"_links":{"self":[{"href":"https:\/\/dgospel.com.br\/portal\/index.php\/wp-json\/wp\/v2\/posts\/3919"}],"collection":[{"href":"https:\/\/dgospel.com.br\/portal\/index.php\/wp-json\/wp\/v2\/posts"}],"about":[{"href":"https:\/\/dgospel.com.br\/portal\/index.php\/wp-json\/wp\/v2\/types\/post"}],"author":[{"embeddable":true,"href":"https:\/\/dgospel.com.br\/portal\/index.php\/wp-json\/wp\/v2\/users\/2"}],"replies":[{"embeddable":true,"href":"https:\/\/dgospel.com.br\/portal\/index.php\/wp-json\/wp\/v2\/comments?post=3919"}],"version-history":[{"count":1,"href":"https:\/\/dgospel.com.br\/portal\/index.php\/wp-json\/wp\/v2\/posts\/3919\/revisions"}],"predecessor-version":[{"id":3921,"href":"https:\/\/dgospel.com.br\/portal\/index.php\/wp-json\/wp\/v2\/posts\/3919\/revisions\/3921"}],"wp:featuredmedia":[{"embeddable":true,"href":"https:\/\/dgospel.com.br\/portal\/index.php\/wp-json\/wp\/v2\/media\/3920"}],"wp:attachment":[{"href":"https:\/\/dgospel.com.br\/portal\/index.php\/wp-json\/wp\/v2\/media?parent=3919"}],"wp:term":[{"taxonomy":"category","embeddable":true,"href":"https:\/\/dgospel.com.br\/portal\/index.php\/wp-json\/wp\/v2\/categories?post=3919"},{"taxonomy":"post_tag","embeddable":true,"href":"https:\/\/dgospel.com.br\/portal\/index.php\/wp-json\/wp\/v2\/tags?post=3919"}],"curies":[{"name":"wp","href":"https:\/\/api.w.org\/{rel}","templated":true}]}}