{"id":3922,"date":"2019-09-02T16:36:37","date_gmt":"2019-09-02T19:36:37","guid":{"rendered":"http:\/\/dgospel.com.br\/portal\/?p=3922"},"modified":"2019-09-02T16:40:12","modified_gmt":"2019-09-02T19:40:12","slug":"edir-macedo-ora-por-bolsonaro-no-templo-de-salomao","status":"publish","type":"post","link":"https:\/\/dgospel.com.br\/portal\/index.php\/2019\/09\/02\/edir-macedo-ora-por-bolsonaro-no-templo-de-salomao\/","title":{"rendered":"Edir Macedo ora por Bolsonaro no Templo de Salom\u00e3o"},"content":{"rendered":"\n<p>O presidente Jair Bolsonaro recebeu uma ora\u00e7\u00e3o do bispo Edir Macedo na manh\u00e3 deste domingo (1) em visita ao\u00a0<a href=\"https:\/\/guiame.com.br\/gospel\/israel\/bolsonaro-apoia-construcao-do-terceiro-templo-em-jerusalem.html\"><strong>Templo de Salom\u00e3o<\/strong><\/a>, sede da Igreja Universal do Reino de Deus em S\u00e3o Paulo. <\/p>\n\n\n\n<p>Diante de quase 10 mil fi\u00e9is, por volta das 10h, o presidente se ajoelhou no altar e foi ungido com \u00f3leo por Macedo.<\/p>\n\n\n\n<p>\u201cEssa consagra\u00e7\u00e3o \u00e9 para que ele tenha a dire\u00e7\u00e3o do Esp\u00edrito Santo\u201d, disse o bispo ao apresentar a vida de&nbsp;<a href=\"https:\/\/guiame.com.br\/gospel\/noticias\/no-nosso-governo-deus-esta-acima-de-tudo-diz-jair-bolsonaro-em-culto.html\"><strong>Bolsonaro<\/strong><\/a>&nbsp;a Deus.<\/p>\n\n\n\n<p>\u201cO Senhor escolheu esse homem para liderar as mais de 210 milh\u00f5es de pessoas neste Pa\u00eds. O Senhor sabe que o nosso trabalho tem sido dedicado aos sofridos, e quando fomos imbu\u00eddos, pela f\u00e9, de consagr\u00e1-lo e derramar o \u00f3leo, que representa o Seu Esp\u00edrito, sobre a cabe\u00e7a dele, n\u00f3s t\u00ednhamos a certeza que, atrav\u00e9s dele, o Senhor iria mudar a na\u00e7\u00e3o\u201d, declarou Macedo.<\/p>\n\n\n\n<p>\u201cEle vai aben\u00e7oar a sua vida\u201d, acrescentou o bispo, falando sobre o governo Bolsonaro. \u201cSe ele for fracassado voc\u00ea ser\u00e1 fracassado tamb\u00e9m, assim como temos sido fracassados por conta das injusti\u00e7as que tivemos nesse Pa\u00eds at\u00e9 aqui\u201d.<\/p>\n\n\n\n<p>Macedo ainda citou a import\u00e2ncia da ora\u00e7\u00e3o e criticou a imprensa. \u201cVamos continuar orando pelo nosso presidente. A m\u00eddia toda \u00e9 contra ele, e eu sei o que \u00e9 isso, porque n\u00f3s vivenciamos o inferno da m\u00eddia e das pancadarias dela. Mas eu estou aqui, e o presidente vai estar l\u00e1 e vai arrebentar\u201d, afirmou.<\/p>\n\n\n\n<p>Ap\u00f3s o culto, Bolsonaro visitou as depend\u00eancias do Templo de Salom\u00e3o, ao lado de ministros, deputados federais, estaduais e vereadores. A primeira-dama, Michelle Bolsonaro, n\u00e3o compareceu \u00e0 reuni\u00e3o.<\/p>\n\n\n\n<p>Questionado pelo Portal Universal sobre o que achou mais marcante durante a visita, o presidente disse: \u201cPrimeiramente, foi a pessoa humilde do bispo Macedo, porque ele tem uma imagem para quem n\u00e3o o conhece, mas na verdade \u00e9 uma pessoa humilde, sincera e temente a Deus. No mais, esse local onde estou serve para dizer para aqueles que acreditam que podem atingir os seus objetivos. Eu estive em Israel por duas vezes e, em grande parte, eu volto \u00e0quele templo, estando aqui neste lugar\u201d.<\/p>\n\n\n\n<p>Bolsonaro tamb\u00e9m voltou a enfatizar o seu compromisso com os valores familiares e crist\u00e3os. \u201cO que eu tenho dito \u00e9 que o Estado \u00e9 laico, mas eu sou crist\u00e3o. Pois \u00e9 a f\u00e9 que faz as pessoas acreditarem que podem mudar e vencer. E a hist\u00f3ria do bispo Macedo \u00e9 uma prova que podemos vencer todos os obst\u00e1culos, mas, depois de chegar l\u00e1, mais ainda a gente tem que se apegar \u00c0quele que nos criou.\u201d<\/p>\n\n\n\n<figure class=\"wp-block-embed-youtube wp-block-embed is-type-video is-provider-youtube wp-embed-aspect-16-9 wp-has-aspect-ratio\"><div class=\"wp-block-embed__wrapper\">\n<iframe loading=\"lazy\" title=\"Bispo Macedo orando pelo Presidente Bolsonaro no Templo de Salom\u00e3o - 01\/09\/19\" width=\"630\" height=\"354\" src=\"https:\/\/www.youtube.com\/embed\/GSVMoA5i5IM?feature=oembed\" frameborder=\"0\" allow=\"accelerometer; autoplay; encrypted-media; gyroscope; picture-in-picture\" allowfullscreen><\/iframe>\n<\/div><\/figure>\n\n\n\n<p>\n\nFONTE: GUIAME, COM INFORMA\u00c7\u00d5ES DO PORTAL UNIVERSAL\n\n<\/p>\n","protected":false},"excerpt":{"rendered":"<p>O presidente Jair Bolsonaro recebeu uma ora\u00e7\u00e3o do bispo Edir Macedo na manh\u00e3 deste domingo (1) em visita ao\u00a0Templo de Salom\u00e3o, sede da Igreja Universal do Reino de Deus em S\u00e3o Paulo. Diante de quase 10 mil fi\u00e9is, por volta das 10h, o presidente se ajoelhou no altar e foi ungido com \u00f3leo por Macedo. [&hellip;]<\/p>\n","protected":false},"author":2,"featured_media":3923,"comment_status":"open","ping_status":"open","sticky":false,"template":"","format":"standard","meta":[],"categories":[5,6],"tags":[],"_links":{"self":[{"href":"https:\/\/dgospel.com.br\/portal\/index.php\/wp-json\/wp\/v2\/posts\/3922"}],"collection":[{"href":"https:\/\/dgospel.com.br\/portal\/index.php\/wp-json\/wp\/v2\/posts"}],"about":[{"href":"https:\/\/dgospel.com.br\/portal\/index.php\/wp-json\/wp\/v2\/types\/post"}],"author":[{"embeddable":true,"href":"https:\/\/dgospel.com.br\/portal\/index.php\/wp-json\/wp\/v2\/users\/2"}],"replies":[{"embeddable":true,"href":"https:\/\/dgospel.com.br\/portal\/index.php\/wp-json\/wp\/v2\/comments?post=3922"}],"version-history":[{"count":2,"href":"https:\/\/dgospel.com.br\/portal\/index.php\/wp-json\/wp\/v2\/posts\/3922\/revisions"}],"predecessor-version":[{"id":3926,"href":"https:\/\/dgospel.com.br\/portal\/index.php\/wp-json\/wp\/v2\/posts\/3922\/revisions\/3926"}],"wp:featuredmedia":[{"embeddable":true,"href":"https:\/\/dgospel.com.br\/portal\/index.php\/wp-json\/wp\/v2\/media\/3923"}],"wp:attachment":[{"href":"https:\/\/dgospel.com.br\/portal\/index.php\/wp-json\/wp\/v2\/media?parent=3922"}],"wp:term":[{"taxonomy":"category","embeddable":true,"href":"https:\/\/dgospel.com.br\/portal\/index.php\/wp-json\/wp\/v2\/categories?post=3922"},{"taxonomy":"post_tag","embeddable":true,"href":"https:\/\/dgospel.com.br\/portal\/index.php\/wp-json\/wp\/v2\/tags?post=3922"}],"curies":[{"name":"wp","href":"https:\/\/api.w.org\/{rel}","templated":true}]}}