{"id":3935,"date":"2019-09-03T16:51:47","date_gmt":"2019-09-03T19:51:47","guid":{"rendered":"http:\/\/dgospel.com.br\/portal\/?p=3935"},"modified":"2019-09-03T17:05:18","modified_gmt":"2019-09-03T20:05:18","slug":"doria-manda-recolher-material-escolar-sobre-diversidade-sexual-nao-aceitamos-apologia-a-ideologia-de-genero","status":"publish","type":"post","link":"https:\/\/dgospel.com.br\/portal\/index.php\/2019\/09\/03\/doria-manda-recolher-material-escolar-sobre-diversidade-sexual-nao-aceitamos-apologia-a-ideologia-de-genero\/","title":{"rendered":"Doria manda recolher material escolar sobre diversidade sexual: &#8216;N\u00e3o aceitamos apologia \u00e0 ideologia de g\u00eanero&#8217;"},"content":{"rendered":"\n<p>O governador Jo\u00e3o Doria (PSDB) mandou recolher nesta ter\u00e7a-feira\n(3) o material escolar de ci\u00eancias para alunos do 8\u00ba ano da rede estadual de\nS\u00e3o Paulo. Segundo professores, a alega\u00e7\u00e3o seria uma p\u00e1gina da apostila que\ncont\u00e9m um texto que trata de diversidade sexual explicando as diferen\u00e7as sobre\n&#8220;sexo biol\u00f3gico, identidade de g\u00eanero e orienta\u00e7\u00e3o sexual&#8221;.<\/p>\n\n\n\n<p>&#8220;Fomos alertados\nde um erro inaceit\u00e1vel no material escolar dos alunos do 8\u00ba ano da rede\nestadual. Solicitei ao Secret\u00e1rio de Educa\u00e7\u00e3o o imediato recolhimento do\nmaterial e apura\u00e7\u00e3o dos respons\u00e1veis. N\u00e3o concordamos e nem aceitamos apologia\n\u00e0 ideologia de g\u00eanero&#8221;, escreveu Doria pelo Twitter.<\/p>\n\n\n\n<p>Em nota, a Secretaria\nda Educa\u00e7\u00e3o de S\u00e3o Paulo afirma que o termo &#8220;identidade de g\u00eanero&#8221;\nestaria em desacordo com a Base Nacional Comum Curricular do MEC e com o Novo\nCurr\u00edculo Paulista aprovado em agosto, e que a apostila \u00e9 complementar ao\nestudo dos alunos.<\/p>\n\n\n\n<p>Em 2017, o Minist\u00e9rio\nda Educa\u00e7\u00e3o tirou o termo &#8220;orienta\u00e7\u00e3o sexual&#8221; da terceira e \u00faltima\nvers\u00e3o da Base Nacional Comum Curricular (BNCC) para o ensino infantil e\nfundamental, que passou a valer em 2019.<\/p>\n\n\n\n<p>De acordo com o\ndocumento, o Conselho Nacional de Educa\u00e7\u00e3o (CNE) emitiria orienta\u00e7\u00f5es\nespec\u00edficas sobre orienta\u00e7\u00e3o sexual e identidade de g\u00eanero.<\/p>\n\n\n\n<p>A BNCC \u00e9 considerada\nfundamental para reduzir desigualdades na educa\u00e7\u00e3o no Brasil e pa\u00edses\ndesenvolvidos j\u00e1 organizam o ensino por meio de bases nacionais. O documento\ndefine a linhas gerais do que os alunos das 190 mil escolas do pa\u00eds devem\naprender a cada ano.<\/p>\n\n\n\n<h2>&nbsp;&nbsp;<\/h2>\n\n\n\n<figure class=\"wp-block-image\"><img loading=\"lazy\" width=\"843\" height=\"1024\" src=\"http:\/\/dgospel.com.br\/portal\/wp-content\/uploads\/2019\/09\/image-843x1024.png\" alt=\"\" class=\"wp-image-3937\" srcset=\"https:\/\/dgospel.com.br\/portal\/wp-content\/uploads\/2019\/09\/image-843x1024.png 843w, https:\/\/dgospel.com.br\/portal\/wp-content\/uploads\/2019\/09\/image-247x300.png 247w, https:\/\/dgospel.com.br\/portal\/wp-content\/uploads\/2019\/09\/image-768x933.png 768w, https:\/\/dgospel.com.br\/portal\/wp-content\/uploads\/2019\/09\/image.png 1000w\" sizes=\"(max-width: 843px) 100vw, 843px\" \/><\/figure>\n\n\n\n<p><\/p>\n\n\n\n<h2><strong>Veja a nota da Secretaria:<\/strong><strong><\/strong><\/h2>\n\n\n\n<p><em>&#8220;Nesta segunda-feira, a\nSecretaria da Educa\u00e7\u00e3o tomou conhecimento de que os alunos do 8\u00ba ano do Ensino\nFundamental (menos de 10% da rede) receberam as apostilas de ci\u00eancias do S\u00e3o\nPaulo Faz Escola em que consta conte\u00fado impr\u00f3prio para a respectiva idade e s\u00e9rie\ne em desarranjo com as diretrizes desta gest\u00e3o. Diante disso, a Seduc-SP\nesclarece:<\/em><\/p>\n\n\n\n<p><em>1- O tema de &#8220;identidade de g\u00eanero&#8221; est\u00e1 em desacordo\ncom a Base Nacional Comum Curricular, aprovada em 2017 pelo Minist\u00e9rio da\nEduca\u00e7\u00e3o e tamb\u00e9m com o Novo Curr\u00edculo Paulista, aprovado em agosto de 2019.\nAssim, o assunto extrapola os dois documentos, que tratam do respeito \u00e0s\ndiferen\u00e7as e \u00e0 multiplicidade de vis\u00f5es da nossa sociedade.<\/em><\/p>\n\n\n\n<p><em>2- A Secretaria da Educa\u00e7\u00e3o iniciou imediatamente o recolhimento\ndos exemplares das escolas, nesta ter\u00e7a-feira, dia 3, assim como a apura\u00e7\u00e3o da\nresponsabilidade pela aprova\u00e7\u00e3o do conte\u00fado.<\/em><\/p>\n\n\n\n<p><em>3- As apostilas do S\u00e3o Paulo Faz Escola s\u00e3o elaboradas por\nservidores da rede estadual, desde 2009, que se utilizaram das fontes abertas\nque dispunham, no caso, de manual do Minist\u00e9rio da Sa\u00fade.<\/em><\/p>\n\n\n\n<p><em>4- N\u00e3o houve preju\u00edzo material para a secretaria, uma vez que\ntrata-se da apostila complementar referente apenas ao 3\u00ba bimestre, al\u00e9m de se\ntratar de apostila consum\u00edvel, ou seja, que j\u00e1 n\u00e3o seria reaproveitada por\noutros alunos.<\/em><\/p>\n\n\n\n<p><em>5- As apostilas s\u00e3o material complementar de apoio ao curr\u00edculo e\nseu uso fica a crit\u00e9rio de cada professor.<\/em><\/p>\n\n\n\n<p><em>6- A Seduc-SP decidiu reestruturar todo o processo de produ\u00e7\u00e3o das apostilas e j\u00e1 est\u00e1 contratando servi\u00e7o de revis\u00e3o externa para todos os materiais.&#8221;<\/em><\/p>\n\n\n\n<p>Fonte:  G1<\/p>\n","protected":false},"excerpt":{"rendered":"<p>O governador Jo\u00e3o Doria (PSDB) mandou recolher nesta ter\u00e7a-feira (3) o material escolar de ci\u00eancias para alunos do 8\u00ba ano da rede estadual de S\u00e3o Paulo. Segundo professores, a alega\u00e7\u00e3o seria uma p\u00e1gina da apostila que cont\u00e9m um texto que trata de diversidade sexual explicando as diferen\u00e7as sobre &#8220;sexo biol\u00f3gico, identidade de g\u00eanero e orienta\u00e7\u00e3o [&hellip;]<\/p>\n","protected":false},"author":2,"featured_media":3936,"comment_status":"open","ping_status":"open","sticky":false,"template":"","format":"standard","meta":[],"categories":[6,4],"tags":[],"_links":{"self":[{"href":"https:\/\/dgospel.com.br\/portal\/index.php\/wp-json\/wp\/v2\/posts\/3935"}],"collection":[{"href":"https:\/\/dgospel.com.br\/portal\/index.php\/wp-json\/wp\/v2\/posts"}],"about":[{"href":"https:\/\/dgospel.com.br\/portal\/index.php\/wp-json\/wp\/v2\/types\/post"}],"author":[{"embeddable":true,"href":"https:\/\/dgospel.com.br\/portal\/index.php\/wp-json\/wp\/v2\/users\/2"}],"replies":[{"embeddable":true,"href":"https:\/\/dgospel.com.br\/portal\/index.php\/wp-json\/wp\/v2\/comments?post=3935"}],"version-history":[{"count":2,"href":"https:\/\/dgospel.com.br\/portal\/index.php\/wp-json\/wp\/v2\/posts\/3935\/revisions"}],"predecessor-version":[{"id":3942,"href":"https:\/\/dgospel.com.br\/portal\/index.php\/wp-json\/wp\/v2\/posts\/3935\/revisions\/3942"}],"wp:featuredmedia":[{"embeddable":true,"href":"https:\/\/dgospel.com.br\/portal\/index.php\/wp-json\/wp\/v2\/media\/3936"}],"wp:attachment":[{"href":"https:\/\/dgospel.com.br\/portal\/index.php\/wp-json\/wp\/v2\/media?parent=3935"}],"wp:term":[{"taxonomy":"category","embeddable":true,"href":"https:\/\/dgospel.com.br\/portal\/index.php\/wp-json\/wp\/v2\/categories?post=3935"},{"taxonomy":"post_tag","embeddable":true,"href":"https:\/\/dgospel.com.br\/portal\/index.php\/wp-json\/wp\/v2\/tags?post=3935"}],"curies":[{"name":"wp","href":"https:\/\/api.w.org\/{rel}","templated":true}]}}