{"id":3943,"date":"2019-09-04T09:41:31","date_gmt":"2019-09-04T12:41:31","guid":{"rendered":"http:\/\/dgospel.com.br\/portal\/?p=3943"},"modified":"2019-09-04T09:41:37","modified_gmt":"2019-09-04T12:41:37","slug":"e-inadmissivel-que-palmas-esteja-ardendo-em-chamas-e-a-prefeitura-esteja-inerte-critica-deputado-leo-barbosa","status":"publish","type":"post","link":"https:\/\/dgospel.com.br\/portal\/index.php\/2019\/09\/04\/e-inadmissivel-que-palmas-esteja-ardendo-em-chamas-e-a-prefeitura-esteja-inerte-critica-deputado-leo-barbosa\/","title":{"rendered":"&#8220;\u00c9 inadmiss\u00edvel que Palmas esteja ardendo em chamas e a prefeitura esteja inerte&#8221;, critica deputado L\u00e9o Barbosa"},"content":{"rendered":"\n<p>&#8220;\u00c9 inadmiss\u00edvel que Palmas esteja ardendo em chamas e a prefeitura esteja inerte&#8221;, critica deputado L\u00e9o Barbosa<\/p>\n\n\n\n<p> O deputado estadual L\u00e9o Barbosa (SD) usou a tribuna da Assembleia Legislativa do Tocantins, durante a sess\u00e3o ordin\u00e1ria desta ter\u00e7a-feira, 03, para falar sobre a situa\u00e7\u00e3o das queimadas em Palmas. O parlamentar questionou a falta de contrata\u00e7\u00e3o de brigadistas pela prefeitura este ano, isto porque \u00e9 a primeira vez nos \u00faltimos anos que o Pa\u00e7o Municipal n\u00e3o contrata homens para auxiliarem no combate \u00e0 inc\u00eandios florestais na Capital.<\/p>\n\n\n\n<p>Nos anos anteriores, em m\u00e9dia 30 brigadistas foram contratados para auxiliarem Bombeiros e \u00f3rg\u00e3os de defesa do meio ambiente. &#8220;N\u00f3s precisamos chamar a aten\u00e7\u00e3o da prefeitura, na pessoa da prefeita Cinthia, mesmo que tardiamente, que ela possa essa semana contratar homens, porque \u00e9 inadmiss\u00edvel que Palmas esteja ardendo em chamas e a prefeitura esteja inerte&#8221;, comentou Barbosa.<\/p>\n\n\n\n<p>O deputado afirmou que o descompromisso com as causas ambientais \u00e9 algo in\u00e9dito em Palmas. &#8220;\u00c9 a primeira vez, desde muitos anos, que n\u00f3s estamos vendo uma prefeitura que n\u00e3o reconhece que Palmas est\u00e1 queimando e que precisa da ajuda dela. N\u00e3o vamos nos calar, na condi\u00e7\u00e3o de representantes&#8221;, disparou.<\/p>\n\n\n\n<p>Na ocasi\u00e3o, o parlamentar destacou os esfor\u00e7os do governo do Estado no combate aos inc\u00eandios, entre eles a compra de ve\u00edculos e equipamentos para auxiliar o Corpo de Bombeiros. No in\u00edcio do m\u00eas de agosto, tr\u00eas novas viaturas, os chamados Auto Bomba Tanque Florestal (ABTFs), ve\u00edculos importados da It\u00e1lia e de grande capacidade de trabalho, foram adquiridos pelo Governo do Tocantins, por meio de financiamento junto ao Banco do Brasil. Cada um custou ao estado cerca de R$ 1,6 milh\u00e3o e foram distribu\u00eddos para o Parque do Jalap\u00e3o, Taquaru\u00e7u e Quartel do Comando Geral dos Bombeiros.<\/p>\n\n\n\n<p>L\u00e9o tamb\u00e9m lembrou que em julho deste ano, o vice-governador Wanderlei Barbosa, que na ocasi\u00e3o ocupava o cargo de governador em exerc\u00edcio, decretou situa\u00e7\u00e3o de risco de desastre ambiental para o Estado. O Decreto n\u00ba 5968\/2019 dispunha sobre a tomada de provid\u00eancias de combate e preven\u00e7\u00e3o ao fogo, principalmente nas cidades de Lagoa da Confus\u00e3o, Formoso do Araguaia, Paran\u00e3, Mateiros, Pium, Ponte Alta do Tocantins, Goaitins, Lizarda, Rio Sono e Palmas. &#8220;O decreto j\u00e1 era um indicativo que os fogos poderiam vir e a prefeitura n\u00e3o tomou nenhuma iniciativa&#8221;, disse.<\/p>\n\n\n\n<p><strong>Emenda parlamentar para o Corpo de Bombeiros<\/strong><\/p>\n\n\n\n<p>Ainda durante a sess\u00e3o, L\u00e9o falou sobre a destina\u00e7\u00e3o de emenda parlamentar para o Corpo de Bombeiros. O valor \u00e9 de R$ 120 mil e ser\u00e1 utilizado, juntamente com recursos destinados por outros parlamentares, para a cria\u00e7\u00e3o da Companhia de Busca e Salvamento da Praia da Graciosa.<br>\u00c1rea de anexos<br><\/p>\n","protected":false},"excerpt":{"rendered":"<p>&#8220;\u00c9 inadmiss\u00edvel que Palmas esteja ardendo em chamas e a prefeitura esteja inerte&#8221;, critica deputado L\u00e9o Barbosa O deputado estadual L\u00e9o Barbosa (SD) usou a tribuna da Assembleia Legislativa do Tocantins, durante a sess\u00e3o ordin\u00e1ria desta ter\u00e7a-feira, 03, para falar sobre a situa\u00e7\u00e3o das queimadas em Palmas. O parlamentar questionou a falta de contrata\u00e7\u00e3o de [&hellip;]<\/p>\n","protected":false},"author":2,"featured_media":3944,"comment_status":"open","ping_status":"open","sticky":false,"template":"","format":"standard","meta":[],"categories":[4],"tags":[],"_links":{"self":[{"href":"https:\/\/dgospel.com.br\/portal\/index.php\/wp-json\/wp\/v2\/posts\/3943"}],"collection":[{"href":"https:\/\/dgospel.com.br\/portal\/index.php\/wp-json\/wp\/v2\/posts"}],"about":[{"href":"https:\/\/dgospel.com.br\/portal\/index.php\/wp-json\/wp\/v2\/types\/post"}],"author":[{"embeddable":true,"href":"https:\/\/dgospel.com.br\/portal\/index.php\/wp-json\/wp\/v2\/users\/2"}],"replies":[{"embeddable":true,"href":"https:\/\/dgospel.com.br\/portal\/index.php\/wp-json\/wp\/v2\/comments?post=3943"}],"version-history":[{"count":1,"href":"https:\/\/dgospel.com.br\/portal\/index.php\/wp-json\/wp\/v2\/posts\/3943\/revisions"}],"predecessor-version":[{"id":3945,"href":"https:\/\/dgospel.com.br\/portal\/index.php\/wp-json\/wp\/v2\/posts\/3943\/revisions\/3945"}],"wp:featuredmedia":[{"embeddable":true,"href":"https:\/\/dgospel.com.br\/portal\/index.php\/wp-json\/wp\/v2\/media\/3944"}],"wp:attachment":[{"href":"https:\/\/dgospel.com.br\/portal\/index.php\/wp-json\/wp\/v2\/media?parent=3943"}],"wp:term":[{"taxonomy":"category","embeddable":true,"href":"https:\/\/dgospel.com.br\/portal\/index.php\/wp-json\/wp\/v2\/categories?post=3943"},{"taxonomy":"post_tag","embeddable":true,"href":"https:\/\/dgospel.com.br\/portal\/index.php\/wp-json\/wp\/v2\/tags?post=3943"}],"curies":[{"name":"wp","href":"https:\/\/api.w.org\/{rel}","templated":true}]}}