{"id":3946,"date":"2019-09-04T10:33:57","date_gmt":"2019-09-04T13:33:57","guid":{"rendered":"http:\/\/dgospel.com.br\/portal\/?p=3946"},"modified":"2019-09-04T10:33:58","modified_gmt":"2019-09-04T13:33:58","slug":"prefeitura-de-palmas-contrata-20-pessoas-que-reforcarao-o-trabalho-de-combate-as-queimadas","status":"publish","type":"post","link":"https:\/\/dgospel.com.br\/portal\/index.php\/2019\/09\/04\/prefeitura-de-palmas-contrata-20-pessoas-que-reforcarao-o-trabalho-de-combate-as-queimadas\/","title":{"rendered":"Prefeitura de Palmas contrata 20 pessoas que refor\u00e7ar\u00e3o o trabalho de combate \u00e0s queimadas"},"content":{"rendered":"\n<p>Para intensificar o combate \u00e0s queimadas urbanas e na zona rural, a Prefeitura de Palmas contratou, em car\u00e1ter excepcional, 20 pessoas que atuar\u00e3o na linha de frente para diminuir os danos causados pelo fogo, priorizando as \u00e1reas de prote\u00e7\u00e3o ambiental, parques e \u00e1reas verdes. A contrata\u00e7\u00e3o est\u00e1 publicada no Di\u00e1rio Oficial do Munic\u00edpio desta ter\u00e7a-feira, 03 de setembro, por meio do Ato N\u00ba 568.<\/p>\n\n\n\n<p>A contrata\u00e7\u00e3o valer\u00e1 pelo prazo de tr\u00eas meses, momento em que o per\u00edodo chuvoso ter\u00e1 in\u00edcio. A equipe contratada j\u00e1 possui experi\u00eancia de campo e conhece bem as particularidades do Cerrado, o que contribuir\u00e1 para a efici\u00eancia e efic\u00e1cia do trabalho que ser\u00e1 exercido por eles.&nbsp; A Defesa Civil Municipal dar\u00e1 todo o suporte necess\u00e1rio para a equipe.<\/p>\n\n\n\n<p><strong>Fiscaliza\u00e7\u00e3o<\/strong><\/p>\n\n\n\n<p>Dando continuidade a for\u00e7a tarefa, na manh\u00e3 desta quarta-feira, 4, a Funda\u00e7\u00e3o de Meio Ambiente (FMA), a Guarda Ambiental, o Instituto Natureza do Tocantins (Naturatins) e parceiros iniciaram mais&nbsp; uma a\u00e7\u00e3o de fiscaliza\u00e7\u00e3o para coibir as queimadas. As equipes percorrer\u00e3o as propriedades rurais do entorno de Taquaru\u00e7u com orienta\u00e7\u00f5es aos moradores e turistas sobre a import\u00e2ncia da preserva\u00e7\u00e3o do Cerrado.<\/p>\n\n\n\n<p>Al\u00e9m disso, os fiscais est\u00e3o prontos para autua\u00e7\u00e3o de qualquer pessoa que seja pega praticando algum crime ambiental. Ser\u00e3o oito grandes regi\u00f5es que receber\u00e3o as a\u00e7\u00f5es de fiscaliza\u00e7\u00e3o e orienta\u00e7\u00e3o.<\/p>\n","protected":false},"excerpt":{"rendered":"<p>Para intensificar o combate \u00e0s queimadas urbanas e na zona rural, a Prefeitura de Palmas contratou, em car\u00e1ter excepcional, 20 pessoas que atuar\u00e3o na linha de frente para diminuir os danos causados pelo fogo, priorizando as \u00e1reas de prote\u00e7\u00e3o ambiental, parques e \u00e1reas verdes. A contrata\u00e7\u00e3o est\u00e1 publicada no Di\u00e1rio Oficial do Munic\u00edpio desta ter\u00e7a-feira, [&hellip;]<\/p>\n","protected":false},"author":2,"featured_media":3947,"comment_status":"open","ping_status":"open","sticky":false,"template":"","format":"standard","meta":[],"categories":[3],"tags":[],"_links":{"self":[{"href":"https:\/\/dgospel.com.br\/portal\/index.php\/wp-json\/wp\/v2\/posts\/3946"}],"collection":[{"href":"https:\/\/dgospel.com.br\/portal\/index.php\/wp-json\/wp\/v2\/posts"}],"about":[{"href":"https:\/\/dgospel.com.br\/portal\/index.php\/wp-json\/wp\/v2\/types\/post"}],"author":[{"embeddable":true,"href":"https:\/\/dgospel.com.br\/portal\/index.php\/wp-json\/wp\/v2\/users\/2"}],"replies":[{"embeddable":true,"href":"https:\/\/dgospel.com.br\/portal\/index.php\/wp-json\/wp\/v2\/comments?post=3946"}],"version-history":[{"count":1,"href":"https:\/\/dgospel.com.br\/portal\/index.php\/wp-json\/wp\/v2\/posts\/3946\/revisions"}],"predecessor-version":[{"id":3948,"href":"https:\/\/dgospel.com.br\/portal\/index.php\/wp-json\/wp\/v2\/posts\/3946\/revisions\/3948"}],"wp:featuredmedia":[{"embeddable":true,"href":"https:\/\/dgospel.com.br\/portal\/index.php\/wp-json\/wp\/v2\/media\/3947"}],"wp:attachment":[{"href":"https:\/\/dgospel.com.br\/portal\/index.php\/wp-json\/wp\/v2\/media?parent=3946"}],"wp:term":[{"taxonomy":"category","embeddable":true,"href":"https:\/\/dgospel.com.br\/portal\/index.php\/wp-json\/wp\/v2\/categories?post=3946"},{"taxonomy":"post_tag","embeddable":true,"href":"https:\/\/dgospel.com.br\/portal\/index.php\/wp-json\/wp\/v2\/tags?post=3946"}],"curies":[{"name":"wp","href":"https:\/\/api.w.org\/{rel}","templated":true}]}}