{"id":3949,"date":"2019-09-05T20:32:15","date_gmt":"2019-09-05T23:32:15","guid":{"rendered":"http:\/\/dgospel.com.br\/portal\/?p=3949"},"modified":"2019-09-05T20:32:16","modified_gmt":"2019-09-05T23:32:16","slug":"rogerio-freitas-propoe-realizacao-de-audiencia-publica-para-discutir-depressao-e-suicidio-em-palmas","status":"publish","type":"post","link":"https:\/\/dgospel.com.br\/portal\/index.php\/2019\/09\/05\/rogerio-freitas-propoe-realizacao-de-audiencia-publica-para-discutir-depressao-e-suicidio-em-palmas\/","title":{"rendered":"Rog\u00e9rio Freitas prop\u00f5e realiza\u00e7\u00e3o de audi\u00eancia p\u00fablica para discutir depress\u00e3o e suic\u00eddio em Palmas"},"content":{"rendered":"\n<p>\n\nEm alus\u00e3o ao setembro Amarelo, m\u00eas que aborda em \u00e2mbito nacional o combate e preven\u00e7\u00e3o do suic\u00eddio, o vereador Rog\u00e9rio Freitas (MDB) solicitou a realiza\u00e7\u00e3o de uma audi\u00eancia p\u00fablica na Casa de Leis para discutir e debater sobre o tema. A reuni\u00e3o acontece no dia 24 de setembro, \u00e0s 14hs na C\u00e2mara Municipal de Palmas.<\/p>\n\n\n\n<p>Conforme o parlamentar, o objetivo da audi\u00eancia \u00e9 levar ao conhecimento da sociedade todas as quest\u00f5es essenciais ao tema em apre\u00e7o. \u201c\u00c9 preciso escutar e levar em considera\u00e7\u00e3o as opini\u00f5es dos diversos atores sociais interessados ao tema, a fim de que seja praticada a m\u00e1xima democracia\u201d, observou.<\/p>\n\n\n\n<p>No Brasil, segundo dados mais recentes do Minist\u00e9rio da Sa\u00fade, relativos a 2016, mais de 11 mil pessoas tiram a pr\u00f3pria vida anualmente, o que \u00e9 considerado uma quest\u00e3o de sa\u00fade p\u00fablica para o parlamentar. \u201cO suic\u00eddio n\u00e3o \u00e9 inclu\u00eddo em debates sobre viol\u00eancia, mas sua ocorr\u00eancia cresce como causa de morte no Brasil. Por isso, tamb\u00e9m \u00e9 importante desenvolver programas para o atendimento \u00e0s pessoas em quadros depressivos, como forma de minimizar esses \u00edndices\u201d, sugeriu o emedebista.<\/p>\n\n\n\n<p>Para Freitas \u00e9 importante a discuss\u00e3o do tema com \u00f3rg\u00e3os e profissionais respons\u00e1veis pela sa\u00fade, al\u00e9m da popula\u00e7\u00e3o em geral.<\/p>\n\n\n\n<p>Foram convidados a participarem da sess\u00e3o a Secretaria Municipal e Estadual de Sa\u00fade, Secretaria Municipal de Educa\u00e7\u00e3o, Pol\u00edcia Militar, Copo de bombeiros, Pol\u00edcia Civil, Delegacia da Mulher, Delegacia de Homic\u00eddio, Igrejas evang\u00e9licas e Cat\u00f3lica, Institui\u00e7\u00f5es Esp\u00edritas, Concelhos de Psicologia e Psiquiatria do Tocantins e \u00d3rg\u00e3os envolvidos ao tema como Faculdades particulares e P\u00fablicas.\n\n<\/p>\n","protected":false},"excerpt":{"rendered":"<p>Em alus\u00e3o ao setembro Amarelo, m\u00eas que aborda em \u00e2mbito nacional o combate e preven\u00e7\u00e3o do suic\u00eddio, o vereador Rog\u00e9rio Freitas (MDB) solicitou a realiza\u00e7\u00e3o de uma audi\u00eancia p\u00fablica na Casa de Leis para discutir e debater sobre o tema. A reuni\u00e3o acontece no dia 24 de setembro, \u00e0s 14hs na C\u00e2mara Municipal de Palmas. [&hellip;]<\/p>\n","protected":false},"author":2,"featured_media":3950,"comment_status":"open","ping_status":"open","sticky":false,"template":"","format":"standard","meta":[],"categories":[8],"tags":[],"_links":{"self":[{"href":"https:\/\/dgospel.com.br\/portal\/index.php\/wp-json\/wp\/v2\/posts\/3949"}],"collection":[{"href":"https:\/\/dgospel.com.br\/portal\/index.php\/wp-json\/wp\/v2\/posts"}],"about":[{"href":"https:\/\/dgospel.com.br\/portal\/index.php\/wp-json\/wp\/v2\/types\/post"}],"author":[{"embeddable":true,"href":"https:\/\/dgospel.com.br\/portal\/index.php\/wp-json\/wp\/v2\/users\/2"}],"replies":[{"embeddable":true,"href":"https:\/\/dgospel.com.br\/portal\/index.php\/wp-json\/wp\/v2\/comments?post=3949"}],"version-history":[{"count":1,"href":"https:\/\/dgospel.com.br\/portal\/index.php\/wp-json\/wp\/v2\/posts\/3949\/revisions"}],"predecessor-version":[{"id":3951,"href":"https:\/\/dgospel.com.br\/portal\/index.php\/wp-json\/wp\/v2\/posts\/3949\/revisions\/3951"}],"wp:featuredmedia":[{"embeddable":true,"href":"https:\/\/dgospel.com.br\/portal\/index.php\/wp-json\/wp\/v2\/media\/3950"}],"wp:attachment":[{"href":"https:\/\/dgospel.com.br\/portal\/index.php\/wp-json\/wp\/v2\/media?parent=3949"}],"wp:term":[{"taxonomy":"category","embeddable":true,"href":"https:\/\/dgospel.com.br\/portal\/index.php\/wp-json\/wp\/v2\/categories?post=3949"},{"taxonomy":"post_tag","embeddable":true,"href":"https:\/\/dgospel.com.br\/portal\/index.php\/wp-json\/wp\/v2\/tags?post=3949"}],"curies":[{"name":"wp","href":"https:\/\/api.w.org\/{rel}","templated":true}]}}