{"id":395,"date":"2018-05-29T09:25:56","date_gmt":"2018-05-29T12:25:56","guid":{"rendered":"http:\/\/dgospel.com.br\/portal\/?p=395"},"modified":"2018-05-29T09:25:56","modified_gmt":"2018-05-29T12:25:56","slug":"comite-de-gerenciamento-de-crise-de-palmas-se-reune-com-o-22o-batalhao-do-exercito","status":"publish","type":"post","link":"https:\/\/dgospel.com.br\/portal\/index.php\/2018\/05\/29\/comite-de-gerenciamento-de-crise-de-palmas-se-reune-com-o-22o-batalhao-do-exercito\/","title":{"rendered":"Comit\u00ea de Gerenciamento de Crise de Palmas se re\u00fane com o 22\u00ba Batalh\u00e3o do Ex\u00e9rcito"},"content":{"rendered":"<p class=\"yiv7958374058MsoNormal\">O Comit\u00ea de Gerenciamento de Crise do munic\u00edpio de Palmas, sob o comando da prefeita Cinthia Ribeiro, se reuniu na noite desta segunda-feira, 28, com o comandante do 22\u00ba Batalh\u00e3o de Infantaria do Ex\u00e9rcito Brasileiro, coronel Athos Roberto Souza, para tomar conhecimento sobre o monitoramento que a institui\u00e7\u00e3o est\u00e1 realizando na Capital em rela\u00e7\u00e3o \u00e0 crise gerada pela paralisa\u00e7\u00e3o dos caminhoneiros, que j\u00e1 completou sete dias nesta data. Palmas foi a primeira capital a ficar sem combust\u00edvel e uma das poucas que ainda n\u00e3o foi reabastecida.<\/p>\n<p class=\"yiv7958374058MsoNormal\">Na ocasi\u00e3o, a Prefeita colocou as for\u00e7as de seguran\u00e7a do munic\u00edpio e toda estrutura administrativa \u00e0 disposi\u00e7\u00e3o para a mobiliza\u00e7\u00e3o necess\u00e1ria ao reabastecimento da cidade. \u201cQuando houver o reabastecimento, com o apoio do Ex\u00e9rcito, adotaremos todas as medidas para garantir a seguran\u00e7a da popula\u00e7\u00e3o e o retorno da normalidade dos servi\u00e7os na nossa Capital\u201d, enfatizou Cinthia Ribeiro.<\/p>\n<p class=\"yiv7958374058MsoNormal\">Pelo munic\u00edpio de Palmas participaram da reuni\u00e3o a secret\u00e1ria da Seguran\u00e7a e Mobilidade Urbana, tenente-coronel Welere Barbosa, a procuradora Geral do Munic\u00edpio, interina, Fernanda Nogueira, o secret\u00e1rio de Governo, Eduardo Mantoan e o chefe de Gabinete, Thiago Marconi.<\/p>\n","protected":false},"excerpt":{"rendered":"<p>O Comit\u00ea de Gerenciamento de Crise do munic\u00edpio de Palmas, sob o comando da prefeita Cinthia Ribeiro, se reuniu na noite desta segunda-feira, 28, com o comandante do 22\u00ba Batalh\u00e3o de Infantaria do Ex\u00e9rcito Brasileiro, coronel Athos Roberto Souza, para tomar conhecimento sobre o monitoramento que a institui\u00e7\u00e3o est\u00e1 realizando na Capital em rela\u00e7\u00e3o \u00e0 [&hellip;]<\/p>\n","protected":false},"author":2,"featured_media":396,"comment_status":"open","ping_status":"open","sticky":false,"template":"","format":"standard","meta":[],"categories":[2,3,10],"tags":[],"_links":{"self":[{"href":"https:\/\/dgospel.com.br\/portal\/index.php\/wp-json\/wp\/v2\/posts\/395"}],"collection":[{"href":"https:\/\/dgospel.com.br\/portal\/index.php\/wp-json\/wp\/v2\/posts"}],"about":[{"href":"https:\/\/dgospel.com.br\/portal\/index.php\/wp-json\/wp\/v2\/types\/post"}],"author":[{"embeddable":true,"href":"https:\/\/dgospel.com.br\/portal\/index.php\/wp-json\/wp\/v2\/users\/2"}],"replies":[{"embeddable":true,"href":"https:\/\/dgospel.com.br\/portal\/index.php\/wp-json\/wp\/v2\/comments?post=395"}],"version-history":[{"count":1,"href":"https:\/\/dgospel.com.br\/portal\/index.php\/wp-json\/wp\/v2\/posts\/395\/revisions"}],"predecessor-version":[{"id":397,"href":"https:\/\/dgospel.com.br\/portal\/index.php\/wp-json\/wp\/v2\/posts\/395\/revisions\/397"}],"wp:featuredmedia":[{"embeddable":true,"href":"https:\/\/dgospel.com.br\/portal\/index.php\/wp-json\/wp\/v2\/media\/396"}],"wp:attachment":[{"href":"https:\/\/dgospel.com.br\/portal\/index.php\/wp-json\/wp\/v2\/media?parent=395"}],"wp:term":[{"taxonomy":"category","embeddable":true,"href":"https:\/\/dgospel.com.br\/portal\/index.php\/wp-json\/wp\/v2\/categories?post=395"},{"taxonomy":"post_tag","embeddable":true,"href":"https:\/\/dgospel.com.br\/portal\/index.php\/wp-json\/wp\/v2\/tags?post=395"}],"curies":[{"name":"wp","href":"https:\/\/api.w.org\/{rel}","templated":true}]}}