{"id":3961,"date":"2019-09-05T20:45:47","date_gmt":"2019-09-05T23:45:47","guid":{"rendered":"http:\/\/dgospel.com.br\/portal\/?p=3961"},"modified":"2019-09-05T20:45:48","modified_gmt":"2019-09-05T23:45:48","slug":"diretores-de-entidades-convidam-governador-mauro-carlesse-para-abertura-de-evento-em-palmas","status":"publish","type":"post","link":"https:\/\/dgospel.com.br\/portal\/index.php\/2019\/09\/05\/diretores-de-entidades-convidam-governador-mauro-carlesse-para-abertura-de-evento-em-palmas\/","title":{"rendered":"Diretores de entidades convidam governador Mauro Carlesse para abertura de evento em Palmas"},"content":{"rendered":"\n<p>O governador do Estado do Tocantins, Mauro Carlesse, recebeu na tarde desta quinta-feira, 5, os presidentes da Associa\u00e7\u00e3o Comercial e Industrial de Palmas (Acipa), Joseph Madeira;&nbsp;do Conselho Regional de Administra\u00e7\u00e3o do Tocantins (CRA-TO), Francisco Almeida Costa;&nbsp;e o diretor superintendente do Sebrae, Mois\u00e9s Gomes. Eles vieram ao Pal\u00e1cio Araguaia convidar o Governador para a abertura oficial da XVI Feira Internacional de Administra\u00e7\u00e3o, Feira do Empreendedor e a Feira de Neg\u00f3cios de Palmas (Fenepalmas), que ser\u00e3o realizadas de 1\u00ba a 3 de outubro, no Centro de Conven\u00e7\u00f5es Parque do Povo.<\/p>\n\n\n\n<p>O presidente da CRA, Francisco Costa, explicou que a programa\u00e7\u00e3o do evento conta com palestrantes de nove pa\u00edses, inclusive o vice-presidente da Rep\u00fablica, General Hamilton Mour\u00e3o, que far\u00e1 a palestra de abertura.&nbsp;Joseph Madeira, presidente da Acipa, disse que essa ser\u00e1 a 23\u00aa edi\u00e7\u00e3o da Fenepalmas, e que al\u00e9m do Seabrae, contar\u00e1 ainda com a parceria do Conselho Regional de Administra\u00e7\u00e3o e o apoio do Governo do Estado. \u201c\u00c9 importante ressaltar essa disposi\u00e7\u00e3o do governador Carlesse em apoiar esses eventos, que ser\u00e3o realizados em conjunto, e que v\u00e3o movimentar a economia da cidade e do Estado. O Governo tem demonstrado essa vis\u00e3o empreendedora ao apoiar essas iniciativas do empresariado\u201d. Mois\u00e9s Gomes destacou que ser\u00e3o tr\u00eas institui\u00e7\u00f5es e um p\u00fablico seleto do Estado, que vai projetar o nome do Tocantins em todo o Brasil e movimentar a economia local.<\/p>\n\n\n\n<p>O governador Mauro Carlesse disse que a gest\u00e3o apoia eventos dessa natureza, porque movimentam a economia e \u00e9 isso que o Governo quer. \u201cSempre estamos abertos a apoiar as empresas e institui\u00e7\u00f5es empresariais e eventos que promovem o conhecimento e movimentam a economia do nosso Estado. \u00c9 isso que queremos, bons parceiros que ajudem a gerar emprego e renda para o trabalhador\u201d, concluiu.&nbsp;&nbsp;<\/p>\n","protected":false},"excerpt":{"rendered":"<p>O governador do Estado do Tocantins, Mauro Carlesse, recebeu na tarde desta quinta-feira, 5, os presidentes da Associa\u00e7\u00e3o Comercial e Industrial de Palmas (Acipa), Joseph Madeira;&nbsp;do Conselho Regional de Administra\u00e7\u00e3o do Tocantins (CRA-TO), Francisco Almeida Costa;&nbsp;e o diretor superintendente do Sebrae, Mois\u00e9s Gomes. Eles vieram ao Pal\u00e1cio Araguaia convidar o Governador para a abertura oficial [&hellip;]<\/p>\n","protected":false},"author":2,"featured_media":3962,"comment_status":"open","ping_status":"open","sticky":false,"template":"","format":"standard","meta":[],"categories":[4],"tags":[],"_links":{"self":[{"href":"https:\/\/dgospel.com.br\/portal\/index.php\/wp-json\/wp\/v2\/posts\/3961"}],"collection":[{"href":"https:\/\/dgospel.com.br\/portal\/index.php\/wp-json\/wp\/v2\/posts"}],"about":[{"href":"https:\/\/dgospel.com.br\/portal\/index.php\/wp-json\/wp\/v2\/types\/post"}],"author":[{"embeddable":true,"href":"https:\/\/dgospel.com.br\/portal\/index.php\/wp-json\/wp\/v2\/users\/2"}],"replies":[{"embeddable":true,"href":"https:\/\/dgospel.com.br\/portal\/index.php\/wp-json\/wp\/v2\/comments?post=3961"}],"version-history":[{"count":1,"href":"https:\/\/dgospel.com.br\/portal\/index.php\/wp-json\/wp\/v2\/posts\/3961\/revisions"}],"predecessor-version":[{"id":3963,"href":"https:\/\/dgospel.com.br\/portal\/index.php\/wp-json\/wp\/v2\/posts\/3961\/revisions\/3963"}],"wp:featuredmedia":[{"embeddable":true,"href":"https:\/\/dgospel.com.br\/portal\/index.php\/wp-json\/wp\/v2\/media\/3962"}],"wp:attachment":[{"href":"https:\/\/dgospel.com.br\/portal\/index.php\/wp-json\/wp\/v2\/media?parent=3961"}],"wp:term":[{"taxonomy":"category","embeddable":true,"href":"https:\/\/dgospel.com.br\/portal\/index.php\/wp-json\/wp\/v2\/categories?post=3961"},{"taxonomy":"post_tag","embeddable":true,"href":"https:\/\/dgospel.com.br\/portal\/index.php\/wp-json\/wp\/v2\/tags?post=3961"}],"curies":[{"name":"wp","href":"https:\/\/api.w.org\/{rel}","templated":true}]}}