{"id":3964,"date":"2019-09-05T20:48:54","date_gmt":"2019-09-05T23:48:54","guid":{"rendered":"http:\/\/dgospel.com.br\/portal\/?p=3964"},"modified":"2019-09-05T20:48:56","modified_gmt":"2019-09-05T23:48:56","slug":"servidores-do-estado-do-tocantins-comemoram-decisao-do-governador-de-retornar-pagamento-para-o-dia-1o","status":"publish","type":"post","link":"https:\/\/dgospel.com.br\/portal\/index.php\/2019\/09\/05\/servidores-do-estado-do-tocantins-comemoram-decisao-do-governador-de-retornar-pagamento-para-o-dia-1o\/","title":{"rendered":"Servidores do Estado do Tocantins comemoram decis\u00e3o do Governador de retornar pagamento para o dia 1\u00ba"},"content":{"rendered":"\n<p>Os servidores p\u00fablicos da Administra\u00e7\u00e3o Direta e Indireta do Governo do Tocantins est\u00e3o comemorando o retorno do pagamento dos seus sal\u00e1rios para o dia 1\u00ba de cada m\u00eas. A comunica\u00e7\u00e3o aconteceu nesta quarta-feira, 5, em reuni\u00e3o com os secret\u00e1rios de Estado e presidentes de autarquias realizada na sala de reuni\u00f5es do Pal\u00e1cio Araguaia.<\/p>\n\n\n\n<p>De acordo com o t\u00e9cnico de Refer\u00eancia e Conselheiro Estadual de Pol\u00edtica da Economia Solid\u00e1ria da Secretaria de Estado do Trabalho e Desenvolvimento Social (Setas), Valter Frota Martins, essa medida mostra o compromisso do Governador Mauro Carlesse com os servidores.<\/p>\n\n\n\n<p>\u201cEle [governador] est\u00e1 cumprindo uma promessa que fez no come\u00e7o do ano com a gente. Achei interessante, pois a gente recebendo no dia 1\u00ba de cada m\u00eas vai conseguir arcar com nossos compromissos em dia, evitando o pagamento de juros com boletos em atraso, por exemplo. N\u00f3s que somos servidores tanto efetivo, quanto contratados e comissionados estamos nos sentindo muito felizes com a decis\u00e3o\u201d, afirmou Valter Frota Martins.<\/p>\n\n\n\n<p>Para a t\u00e9cnica da Ger\u00eancia das \u00c1reas Estrat\u00e9gicas para os Cuidados Prim\u00e1rios da Secretaria de Estado da Sa\u00fade (SES), Maria Jucinaide Ribeiro Alvino de Souza, a medida do Governo vai lhe ajudar no seu planejamento financeiro. \u201cMelhora demais o pagamento voltar para o dia 1\u00ba. Eu estou muito feliz, porque realmente eu vou cumprir com o que planejei. Achei legal que o governador teve essa preocupa\u00e7\u00e3o de estar pagando todo mundo junto e cumprindo essa promessa\u201d, destacou.<\/p>\n\n\n\n<p>J\u00e1 o assessor t\u00e9cnico da Universidade Estadual do Tocantins (Unitins) Jos\u00e9 Ant\u00f4nio Gon\u00e7alves, falou sobre os benef\u00edcios da mudan\u00e7a. \u201cA altera\u00e7\u00e3o na data do pagamento traz muitos benef\u00edcios para o servidor, porque agora a gente tem a possibilidade de organizar melhor nossas contas e finan\u00e7as. Quando era no dia 12, geralmente atrasava algumas coisas, ou ent\u00e3o, tinha que reorganizar os pagamentos para n\u00e3o ter muitos preju\u00edzos\u201d, concluiu.<\/p>\n\n\n\n<p><strong>Sindicato destaca empenho do Governo em cumprir medida<\/strong><\/p>\n\n\n\n<p>O presidente do Sindicato dos Servidores P\u00fablicos do Tocantins (Sisepe), Cleiton Pinheiro, destacou o empenho do governador Mauro Carlesse em cumprir a decis\u00e3o de retornar o sal\u00e1rio de todos os servidores para o dia 1\u00ba.<\/p>\n\n\n\n<p>\u201cO an\u00fancio do governador faz com que ele cumpra mais um acordo com o servidor p\u00fablico que \u00e9 a efetiva\u00e7\u00e3o do pagamento no primeiro dia 1\u00ba de cada m\u00eas. Esse \u00e9 um compromisso que ele tinha com o servidor e ele j\u00e1 vinha conversando h\u00e1 um bom tempo com sindicato\u201d, afirmou.<\/p>\n\n\n\n<p>Cleiton Pinheiro destacou a import\u00e2ncia da mudan\u00e7a e parabenizou o Governador pela decis\u00e3o. \u201cTem duas import\u00e2ncias fundamentais na decis\u00e3o. A primeira \u00e9 que o servidor volta a regularizar sua vida financeira com alguns compromissos que ele tinha como, por exemplo, a data de vencimento de boletos que resultavam no pagamento de juros e multas. Outro ponto \u00e9 mais espec\u00edfico para o pr\u00f3prio Estado, que deixava de fomentar durante dez dias a economia. Eram dez dias que n\u00e3o circulavam esse dinheiro dentro do nosso mercado interno deixando de gerar impostos e renda para todos os tocantinenses\u201d, destacou o presidente do Sisepe.<\/p>\n\n\n\n<p>\u201cEnt\u00e3o fica aqui minha manifesta\u00e7\u00e3o parabenizando o governador Mauro Carlesse por esse compromisso cumprido com o servidor p\u00fablico\u201d, complementou Cleiton Pinheiro.<\/p>\n\n\n\n<p><strong>Entenda<\/strong><\/p>\n\n\n\n<p>Desde 2015, os servidores p\u00fablicos do Governo do Tocantins passaram a receber os seus sal\u00e1rios, que eram pagos no dia 1\u00ba, apenas no dia 12 de cada m\u00eas.<\/p>\n\n\n\n<p>Quando assumiu o Governo do Estado de forma interina em 2018, o Governador Mauro Carlesse se comprometeu com a classe de servidores a regularizar o pagamento de todos os servidores para o dia 1\u00ba de cada m\u00eas.<\/p>\n\n\n\n<p>Ainda no m\u00eas de maio de 2018, o Governador Mauro Carlesse determinou que cerca de 60% dos servidores do Estado voltassem a receber no 1\u00ba. Nesse grupo estavam inclu\u00eddos os trabalhadores que recebiam entre 2.800 e R$ 3.380 (Educa\u00e7\u00e3o). Os demais continuavam a receber entre o dia 8 e 12 de cada m\u00eas. Posteriormente, o valor aumentou e padronizou em R$ 3.100 para todos os servidores.<\/p>\n\n\n\n<p>Com a decis\u00e3o anunciada nesta quarta-feira, 5, todos os servidores do Governo passam a receber o seu sal\u00e1rio no dia 1\u00ba de cada m\u00eas. \u201cIsso \u00e9 resultado das medidas de ajustes que tomamos. Foram decis\u00f5es dif\u00edceis, mas necess\u00e1rias para recuperar a sa\u00fade financeira do Estado. Cortamos despesas de todas as naturezas como aluguel de pr\u00e9dios, loca\u00e7\u00e3o de carros, passagens, di\u00e1rias, enfim! Tivemos que reduzir a folha de pagamento para buscar o enquadramento do Estado na Lei de Responsabilidade Fiscal. E os resultados est\u00e3o aparecendo com as obras, com os hospitais funcionando melhor, e para os nossos servidores eu quero dizer que a partir deste pr\u00f3ximo m\u00eas de outubro, todos ir\u00e3o receber os sal\u00e1rios no 1\u00ba dia \u00fatil de cada m\u00eas\u201d, afirmou o Governador.<\/p>\n\n\n\n<p><strong>(Colaboraram: \u00c9lcio Mendes e Hel\u00f4 Barsi)<\/strong><\/p>\n","protected":false},"excerpt":{"rendered":"<p>Os servidores p\u00fablicos da Administra\u00e7\u00e3o Direta e Indireta do Governo do Tocantins est\u00e3o comemorando o retorno do pagamento dos seus sal\u00e1rios para o dia 1\u00ba de cada m\u00eas. A comunica\u00e7\u00e3o aconteceu nesta quarta-feira, 5, em reuni\u00e3o com os secret\u00e1rios de Estado e presidentes de autarquias realizada na sala de reuni\u00f5es do Pal\u00e1cio Araguaia. De acordo [&hellip;]<\/p>\n","protected":false},"author":2,"featured_media":3965,"comment_status":"open","ping_status":"open","sticky":false,"template":"","format":"standard","meta":[],"categories":[3],"tags":[],"_links":{"self":[{"href":"https:\/\/dgospel.com.br\/portal\/index.php\/wp-json\/wp\/v2\/posts\/3964"}],"collection":[{"href":"https:\/\/dgospel.com.br\/portal\/index.php\/wp-json\/wp\/v2\/posts"}],"about":[{"href":"https:\/\/dgospel.com.br\/portal\/index.php\/wp-json\/wp\/v2\/types\/post"}],"author":[{"embeddable":true,"href":"https:\/\/dgospel.com.br\/portal\/index.php\/wp-json\/wp\/v2\/users\/2"}],"replies":[{"embeddable":true,"href":"https:\/\/dgospel.com.br\/portal\/index.php\/wp-json\/wp\/v2\/comments?post=3964"}],"version-history":[{"count":1,"href":"https:\/\/dgospel.com.br\/portal\/index.php\/wp-json\/wp\/v2\/posts\/3964\/revisions"}],"predecessor-version":[{"id":3966,"href":"https:\/\/dgospel.com.br\/portal\/index.php\/wp-json\/wp\/v2\/posts\/3964\/revisions\/3966"}],"wp:featuredmedia":[{"embeddable":true,"href":"https:\/\/dgospel.com.br\/portal\/index.php\/wp-json\/wp\/v2\/media\/3965"}],"wp:attachment":[{"href":"https:\/\/dgospel.com.br\/portal\/index.php\/wp-json\/wp\/v2\/media?parent=3964"}],"wp:term":[{"taxonomy":"category","embeddable":true,"href":"https:\/\/dgospel.com.br\/portal\/index.php\/wp-json\/wp\/v2\/categories?post=3964"},{"taxonomy":"post_tag","embeddable":true,"href":"https:\/\/dgospel.com.br\/portal\/index.php\/wp-json\/wp\/v2\/tags?post=3964"}],"curies":[{"name":"wp","href":"https:\/\/api.w.org\/{rel}","templated":true}]}}