{"id":3967,"date":"2019-09-05T22:09:38","date_gmt":"2019-09-06T01:09:38","guid":{"rendered":"http:\/\/dgospel.com.br\/portal\/?p=3967"},"modified":"2019-09-05T23:23:07","modified_gmt":"2019-09-06T02:23:07","slug":"grandes-pregadores-e-cantores-ministram-no-3o-abala-regiao-sul-em-palmas","status":"publish","type":"post","link":"https:\/\/dgospel.com.br\/portal\/index.php\/2019\/09\/05\/grandes-pregadores-e-cantores-ministram-no-3o-abala-regiao-sul-em-palmas\/","title":{"rendered":"Grandes pregadores e cantores ministram no 4\u00ba Abala Regi\u00e3o Sul em Palmas"},"content":{"rendered":"\n<p>Pregadores e cantores de renome nacional estar\u00e3o ministrando em Palmas durante a\u00a0<strong>4\u00aa edi\u00e7\u00e3o do Congresso Mission\u00e1rio Abala Regi\u00e3o Sul<\/strong>, que acontecer\u00e1 entre os dias 06 e 10 de setembro, na casa de eventos, Ch\u00e1cara Uno, no Aureny IV, regi\u00e3o Sul de Palmas.<\/p>\n\n\n\n<p><\/p>\n\n\n\n<figure class=\"wp-block-image\"><img loading=\"lazy\" width=\"739\" height=\"1024\" src=\"http:\/\/dgospel.com.br\/portal\/wp-content\/uploads\/2019\/09\/nova-739x1024.jpg\" alt=\"\" class=\"wp-image-3973\" srcset=\"https:\/\/dgospel.com.br\/portal\/wp-content\/uploads\/2019\/09\/nova-739x1024.jpg 739w, https:\/\/dgospel.com.br\/portal\/wp-content\/uploads\/2019\/09\/nova-217x300.jpg 217w, https:\/\/dgospel.com.br\/portal\/wp-content\/uploads\/2019\/09\/nova-768x1064.jpg 768w, https:\/\/dgospel.com.br\/portal\/wp-content\/uploads\/2019\/09\/nova.jpg 924w\" sizes=\"(max-width: 739px) 100vw, 739px\" \/><\/figure>\n\n\n\n<p>O<strong> Abala Regi\u00e3o Sul, <\/strong>que \u00e9 considerado um dos maiores Congresso de Miss\u00f5es da regi\u00e3o norte do Brasil, vem crescendo de uma forma extraordin\u00e1ria, com apenas quatro anos de exist\u00eancia, o congresso j\u00e1 \u00e9 conhecido nacionalmente.<\/p>\n\n\n\n<p>O Congresso contar\u00e1 com a participa\u00e7\u00e3o grandes pregadores como: Pr. Samuel Proc\u00f3pio (SP), Pr. Andr\u00e9 Matias (SP), Pr. Bruno Hassan (RJ), Pr. Amadeu Vieira (RJ), Pr. Eliezer Silva (SP), e Pr. Fabio Junior (GO). O evento tamb\u00e9m contar\u00e1 com a participa\u00e7\u00e3o dos cantores, Eliane Fernandes (GO), Stefany Cardoso (PI), Karine Teles (TO), Vatimona Phetra (\u00c1frica) e outros. Al\u00e9m dos pregadores e cantores de renome nacional, o evento ainda conta com a participa\u00e7\u00e3o de v\u00e1rios cantores e pregadores regionais.<\/p>\n\n\n\n<p>&nbsp;Idealizado e presidido pelo\npastor Saullo Telles, o congresso \u00e9 uma realiza\u00e7\u00e3o da Assembleia de\nDeus Ciadseta, Campo Aureny IV, presidido pelo pastor Josyvan Gomes. <\/p>\n\n\n\n<p>&nbsp;De acordo com o presidente,\npastor Saullo Telles, o Congresso tem objetivo de evangelizar e tamb\u00e9m\noportunizar aos cantores e pregadores regionais a se apresentarem em um evento\nque \u00e9 transmitido ao vivo para milhares de pessoas.<\/p>\n\n\n\n<p>O evento acontecer\u00e1 entre os dias 06 e 10 de setembro, a partir\ndas 19 horas. No domingo dia 08 pela manh\u00e3 acontecer\u00e1 o Abala Mulher, uma\nprograma\u00e7\u00e3o especifica para mulheres, e \u00e0 tarde haver\u00e1 uma programa\u00e7\u00e3o especial\npara crian\u00e7as, o Abalo Kids.<\/p>\n\n\n\n<p><strong>Confira a lista dos pregadores e\ncantores &nbsp;&nbsp;<\/strong><\/p>\n\n\n\n<p>PR. SAMUEL PROC\u00d3PIO-SP<\/p>\n\n\n\n<p>PR. ANDR\u00c9 MATIAS-SP<\/p>\n\n\n\n<p>ELIANE FERNANDES-GO<\/p>\n\n\n\n<p>PR. AMADEU VIEIRA-RJ<\/p>\n\n\n\n<p>KARINE TELES-TO<\/p>\n\n\n\n<p>PR. FABIO JUNIOR-GO<\/p>\n\n\n\n<p>PR. ELIEZER SILVA-SP<\/p>\n\n\n\n<p>STEFANE ABSOLUTA-PI<\/p>\n\n\n\n<p>PR. BRUNO HASSAN-RJ<\/p>\n\n\n\n<p>PR. MARCOS BOGEIA-TO<\/p>\n\n\n\n<p>VATIMONA PHETRA \u00c1FRICA<\/p>\n\n\n\n<p>PR. SOSTENES TELES-TO<\/p>\n\n\n\n<p>KAMILA FREITAS-TO<\/p>\n\n\n\n<p>PR. JEDIEL LIMA-TO<\/p>\n\n\n\n<p>PR. JOS\u00c9 LU\u00cdS-TO<\/p>\n\n\n\n<p>EV. RUBEN VIANA-TO<\/p>\n\n\n\n<p>KEILA VIANA-TO<\/p>\n\n\n\n<p>PR. RANGEL FRAGA-TO<\/p>\n\n\n\n<p>LEIA LACERDA-TO<\/p>\n\n\n\n<p>PR. JUNIOR MARTINS-TO<\/p>\n\n\n\n<p>PR. SILAS CAVALCANTE-TO<\/p>\n\n\n\n<p>JADIEL OLIVEIRA-TO<\/p>\n\n\n\n<p>PR. JOS\u00c9 PEREIRA-TO<\/p>\n\n\n\n<p>PR. JUNIOR NASCIMENTO-TO<\/p>\n\n\n\n<p>PR. EDEN CARLOS-TO<\/p>\n\n\n\n<p>EV. JEAN CARLOS-TO<\/p>\n\n\n\n<p>PR. JOCELY FONSECA-MA<\/p>\n\n\n\n<p>PEDRO SILVA-MA<\/p>\n\n\n\n<p>PR. MANASS\u00c9S SANTOS-GO<\/p>\n\n\n\n<p>PR. ROGERIO SANTOS-TO<\/p>\n\n\n\n<p>PB. WILLIAM ARRAIS-TO<\/p>\n\n\n\n<p>PB. LEANDRO SILVA-TO<\/p>\n\n\n\n<p>PR. FERNANDO MELLO-TO<\/p>\n\n\n\n<p>PR. ROBSON PUCINO-TO<\/p>\n\n\n\n<p>PR. ANDRE SANTOS-TO<\/p>\n\n\n\n<p>JUNIOR FERREIRA-TO<\/p>\n\n\n\n<p>PR. RONALDO CLESIO-TO<\/p>\n\n\n\n<p>PB. GUTEMBERG VIEIRA-TO<\/p>\n\n\n\n<p>EV. ANTONIO FILHO-TO<\/p>\n\n\n\n<p>PRA. LUCELIA MENDES-TO<\/p>\n\n\n\n<p>SILVIO PEREIRA-TO<\/p>\n\n\n\n<p>TIA ALINE-TO<\/p>\n\n\n\n<p>PR. MANOEL NEVES-TO<\/p>\n\n\n\n<p>ELIZABETH CARVALHO-TO<\/p>\n\n\n\n<p>KLEIDIANNY MARX-TO<\/p>\n\n\n\n<p>PAULO JUNIOR-TO<\/p>\n\n\n\n<p>ANDR\u00c9A LIMA-TO<\/p>\n\n\n\n<p>T\u00c2NIA MONTEIRO-TO<\/p>\n\n\n\n<p>ORQUESTRA FILAD\u00c9LFIA-TO<\/p>\n\n\n\n<p>JOS\u00c9 LUSTOSA-TO<\/p>\n\n\n\n<p>MINIST\u00c9RIO GETS\u00caMANI-TO<\/p>\n\n\n\n<p>MINIST\u00c9RIO KADOSH-TO<\/p>\n\n\n\n<p>ELCINA &amp; ELIETE-TO<\/p>\n\n\n\n<p>EDNA DUARTE-TO<\/p>\n\n\n\n<p>PAULIANA RODRIGUES-SERGIPE<\/p>\n\n\n\n<p>MINIST\u00c9RIO SANGUE REAL-TO<\/p>\n\n\n\n<p>LUCILENE SOUSA-TO<\/p>\n\n\n\n<p>MARIA CLARA MENDES-TO<\/p>\n\n\n\n<p>LUCIENE COSTA-TO<\/p>\n\n\n\n<p>KLLAYOMAYRA-TO<\/p>\n\n\n\n<p>MISSION\u00c1RIA KASSIA PUTENCIO -TO<\/p>\n\n\n\n<p>PR. MANOEL NEVES-TO<\/p>\n\n\n\n<p>JO\u00c3O LUCAS &amp; LUCIANO-TO<\/p>\n\n\n\n<p>PR. VINICIUS TOCHA-TO<\/p>\n\n\n\n<p>C\u00c9LIA DE JESUS-TO<\/p>\n\n\n\n<p>MISSION\u00c1RIO CARLOS-TO<\/p>\n\n\n\n<p>PR. ADALBERTO LEITE-TO<\/p>\n\n\n\n<p>JACKS BARBOSA-TO<\/p>\n\n\n\n<p>RHAISA SANTOS-TO<\/p>\n\n\n\n<p>REGIANE &amp; FABIANE-TO<\/p>\n\n\n\n<p>PR. RENAN ALENCAR-TO<\/p>\n\n\n\n<p>MARIZA RIBEIRO-TO<\/p>\n\n\n\n<p>PRA.MARIA DOS ANJOS-MT<\/p>\n\n\n\n<p>PR. DANIEL SILVA-PA<\/p>\n\n\n\n<p>PR. WILIAM GON\u00c7ALVES-TO<\/p>\n\n\n\n<p>THALITA LIRA-TO<\/p>\n","protected":false},"excerpt":{"rendered":"<p>Pregadores e cantores de renome nacional estar\u00e3o ministrando em Palmas durante a\u00a04\u00aa edi\u00e7\u00e3o do Congresso Mission\u00e1rio Abala Regi\u00e3o Sul, que acontecer\u00e1 entre os dias 06 e 10 de setembro, na casa de eventos, Ch\u00e1cara Uno, no Aureny IV, regi\u00e3o Sul de Palmas. O Abala Regi\u00e3o Sul, que \u00e9 considerado um dos maiores Congresso de Miss\u00f5es [&hellip;]<\/p>\n","protected":false},"author":2,"featured_media":3972,"comment_status":"open","ping_status":"open","sticky":false,"template":"","format":"standard","meta":[],"categories":[5],"tags":[],"_links":{"self":[{"href":"https:\/\/dgospel.com.br\/portal\/index.php\/wp-json\/wp\/v2\/posts\/3967"}],"collection":[{"href":"https:\/\/dgospel.com.br\/portal\/index.php\/wp-json\/wp\/v2\/posts"}],"about":[{"href":"https:\/\/dgospel.com.br\/portal\/index.php\/wp-json\/wp\/v2\/types\/post"}],"author":[{"embeddable":true,"href":"https:\/\/dgospel.com.br\/portal\/index.php\/wp-json\/wp\/v2\/users\/2"}],"replies":[{"embeddable":true,"href":"https:\/\/dgospel.com.br\/portal\/index.php\/wp-json\/wp\/v2\/comments?post=3967"}],"version-history":[{"count":2,"href":"https:\/\/dgospel.com.br\/portal\/index.php\/wp-json\/wp\/v2\/posts\/3967\/revisions"}],"predecessor-version":[{"id":3974,"href":"https:\/\/dgospel.com.br\/portal\/index.php\/wp-json\/wp\/v2\/posts\/3967\/revisions\/3974"}],"wp:featuredmedia":[{"embeddable":true,"href":"https:\/\/dgospel.com.br\/portal\/index.php\/wp-json\/wp\/v2\/media\/3972"}],"wp:attachment":[{"href":"https:\/\/dgospel.com.br\/portal\/index.php\/wp-json\/wp\/v2\/media?parent=3967"}],"wp:term":[{"taxonomy":"category","embeddable":true,"href":"https:\/\/dgospel.com.br\/portal\/index.php\/wp-json\/wp\/v2\/categories?post=3967"},{"taxonomy":"post_tag","embeddable":true,"href":"https:\/\/dgospel.com.br\/portal\/index.php\/wp-json\/wp\/v2\/tags?post=3967"}],"curies":[{"name":"wp","href":"https:\/\/api.w.org\/{rel}","templated":true}]}}