{"id":3975,"date":"2019-09-07T12:01:51","date_gmt":"2019-09-07T15:01:51","guid":{"rendered":"http:\/\/dgospel.com.br\/portal\/?p=3975"},"modified":"2019-09-07T12:01:55","modified_gmt":"2019-09-07T15:01:55","slug":"pastora-debora-brasil-ex-morena-do-tchan-relembra-depressao-que-a-fez-sair-do-grupo","status":"publish","type":"post","link":"https:\/\/dgospel.com.br\/portal\/index.php\/2019\/09\/07\/pastora-debora-brasil-ex-morena-do-tchan-relembra-depressao-que-a-fez-sair-do-grupo\/","title":{"rendered":"Pastora D\u00e9bora Brasil, ex-morena do Tchan relembra depress\u00e3o que a fez sair do grupo"},"content":{"rendered":"\n<p>Mais de 20 anos ap\u00f3s deixar o \u00c9 o Tchan, D\u00e9bora Brasil n\u00e3o est\u00e1 parada. Longe disso! A baiana, de 48 anos, hoje \u00e9 pastora, mission\u00e1ria, apresentadora de um programa de not\u00edcias e revelou que est\u00e1 lan\u00e7ando um CD gospel.<\/p>\n\n\n\n<p>D\u00e9bora admite que o ponto de virada em sua vida foi quando sofreu de depress\u00e3o grave, ainda quando integrava o grupo de ax\u00e9 de sucesso dos anos 90.<\/p>\n\n\n\n<p>\u2014 Cheguei a n\u00e3o falar mais, ficava em sil\u00eancio. Fui ajudada pelos meus familiares para tomar banho e me alimentar, porque n\u00e3o me mexia. Mas Deus me curou da depress\u00e3o e da minha s\u00edndrome do p\u00e2nico. Melhorei com as ora\u00e7\u00f5es. Pouco mais de um ano depois virei mission\u00e1ria. Sou um milagre vivo.<\/p>\n\n\n\n<p>Atualmente, D\u00e9bora se aventura em v\u00e1rias profiss\u00f5es. Recentemente, ela passou a integrar o \u201cNa lente\u201d, programa de entretenimento, ao lado do jornalista Helton Carvalho. Al\u00e9m do programa televisivo, que vai ao ar em seis estados, ela tamb\u00e9m comanda seu pr\u00f3prio canal no YouTube.<\/p>\n\n\n\n<p>Mas a grande novidade na vida de D\u00e9bora \u00e9 o seu \u00e1lbum, que ainda n\u00e3o tem data de lan\u00e7amento. Apostando na carreira de cantora, a pastora garante que est\u00e1 preparando um projeto grandioso para os f\u00e3s de m\u00fasica gospel do pa\u00eds.<\/p>\n\n\n\n<p>\u2014 Eu ainda estou fazendo tudo com muita calma, sem pressa. Mas j\u00e1 gravei duas m\u00fasicas e estou muito animada com esse projeto novo da minha vida. Espero levar a palavra de Deus para todos.<\/p>\n\n\n\n<p><strong>Amor pr\u00f3prio<\/strong><\/p>\n\n\n\n<p>Ap\u00f3s passar por um momento dif\u00edcil com a depress\u00e3o, D\u00e9bora conta que aprendeu a se amar e diz que o cuidado com si ajuda muito a tratar a doen\u00e7a.<\/p>\n\n\n\n<p>\u2014 Eu me cuido. Sou mulher e a gente tem esse cuidado especial, gosto de maquiagem e de moda, nada exagerado. Mas a gente n\u00e3o pode ser escrava dessa vaidade. \u00c9 uma quest\u00e3o de autoestima. N\u00e3o fa\u00e7o para os outros, fa\u00e7o para mim. Como eu vou amar o pr\u00f3ximo se eu n\u00e3o me amar? Me arrumar faz parte do amor pr\u00f3prio.<\/p>\n\n\n\n<p>Fonte: Extra.globo.com <\/p>\n","protected":false},"excerpt":{"rendered":"<p>Mais de 20 anos ap\u00f3s deixar o \u00c9 o Tchan, D\u00e9bora Brasil n\u00e3o est\u00e1 parada. Longe disso! A baiana, de 48 anos, hoje \u00e9 pastora, mission\u00e1ria, apresentadora de um programa de not\u00edcias e revelou que est\u00e1 lan\u00e7ando um CD gospel. D\u00e9bora admite que o ponto de virada em sua vida foi quando sofreu de depress\u00e3o [&hellip;]<\/p>\n","protected":false},"author":2,"featured_media":3976,"comment_status":"open","ping_status":"open","sticky":false,"template":"","format":"standard","meta":[],"categories":[5,6],"tags":[],"_links":{"self":[{"href":"https:\/\/dgospel.com.br\/portal\/index.php\/wp-json\/wp\/v2\/posts\/3975"}],"collection":[{"href":"https:\/\/dgospel.com.br\/portal\/index.php\/wp-json\/wp\/v2\/posts"}],"about":[{"href":"https:\/\/dgospel.com.br\/portal\/index.php\/wp-json\/wp\/v2\/types\/post"}],"author":[{"embeddable":true,"href":"https:\/\/dgospel.com.br\/portal\/index.php\/wp-json\/wp\/v2\/users\/2"}],"replies":[{"embeddable":true,"href":"https:\/\/dgospel.com.br\/portal\/index.php\/wp-json\/wp\/v2\/comments?post=3975"}],"version-history":[{"count":1,"href":"https:\/\/dgospel.com.br\/portal\/index.php\/wp-json\/wp\/v2\/posts\/3975\/revisions"}],"predecessor-version":[{"id":3977,"href":"https:\/\/dgospel.com.br\/portal\/index.php\/wp-json\/wp\/v2\/posts\/3975\/revisions\/3977"}],"wp:featuredmedia":[{"embeddable":true,"href":"https:\/\/dgospel.com.br\/portal\/index.php\/wp-json\/wp\/v2\/media\/3976"}],"wp:attachment":[{"href":"https:\/\/dgospel.com.br\/portal\/index.php\/wp-json\/wp\/v2\/media?parent=3975"}],"wp:term":[{"taxonomy":"category","embeddable":true,"href":"https:\/\/dgospel.com.br\/portal\/index.php\/wp-json\/wp\/v2\/categories?post=3975"},{"taxonomy":"post_tag","embeddable":true,"href":"https:\/\/dgospel.com.br\/portal\/index.php\/wp-json\/wp\/v2\/tags?post=3975"}],"curies":[{"name":"wp","href":"https:\/\/api.w.org\/{rel}","templated":true}]}}