{"id":3979,"date":"2019-09-10T17:09:32","date_gmt":"2019-09-10T20:09:32","guid":{"rendered":"http:\/\/dgospel.com.br\/portal\/?p=3979"},"modified":"2019-09-10T17:09:34","modified_gmt":"2019-09-10T20:09:34","slug":"setembro-amarelo-governo-divulga-campanha-para-alertar-sobre-suicidio-de-jovens","status":"publish","type":"post","link":"https:\/\/dgospel.com.br\/portal\/index.php\/2019\/09\/10\/setembro-amarelo-governo-divulga-campanha-para-alertar-sobre-suicidio-de-jovens\/","title":{"rendered":"Setembro Amarelo: Governo divulga campanha para alertar sobre suic\u00eddio de jovens"},"content":{"rendered":"\n<p>O Minist\u00e9rio da Mulher, da Fam\u00edlia e dos Direitos Humanos, comandado por&nbsp;<strong><a href=\"https:\/\/guiame.com.br\/gospel\/noticias\/comite-de-genero-e-extinto-e-damares-explica-foi-por-decreto-e-nao-por-mim.html\">Damares Alves<\/a><\/strong>, acaba de lan\u00e7ar nesta ter\u00e7a-feira (10) campanha de combate ao suic\u00eddio e \u00e0 automutila\u00e7\u00e3o de crian\u00e7as e jovens.<\/p>\n\n\n\n<p>Damares escreveu em seu perfil no Twitter que \u201cnossa campanha #AcolhaaVida est\u00e1 linda. Agrade\u00e7o ao Bernardinho, ao Lars Grael, \u00e0 Regina Duarte e \u00e0 Luiza Brunet por terem participado voluntariamente.\u201d<\/p>\n\n\n\n<p>A ministra estimulou as pessoas a participarem da campanha: \u201cGente, vamos transformar esse #SetembroAmarelo em sin\u00f4nimo de valoriza\u00e7\u00e3o da vida.\u201d<\/p>\n\n\n\n<p>O&nbsp;<strong><a href=\"https:\/\/guiame.com.br\/colunistas\/marisa-lobo\/suicidio-uma-tragedia-silenciada-pelo-tabu.html\">suic\u00eddio<\/a><\/strong>&nbsp;\u00e9 a segunda causa de morte entre jovens de 15 a 29 anos no mundo, atr\u00e1s apenas de acidentes de tr\u00e2nsito. E a cada 40 segundos uma pessoa se suicida, sendo que 79% dos casos se concentram em pa\u00edses de baixa e m\u00e9dia renda. Esses e outros dados fazem parte de um novo relat\u00f3rio da Organiza\u00e7\u00e3o Mundial da Sa\u00fade (OMS), divulgado na segunda-feira (9) v\u00e9spera do Dia Mundial de Preven\u00e7\u00e3o ao Suic\u00eddio (10 de setembro).<\/p>\n\n\n\n<p>Quando olhamos para uma faixa et\u00e1ria ainda mais jovem &#8211; de 15 a 19 anos -, o suic\u00eddio aparece como segunda causa de mortes entre as meninas, ap\u00f3s as complica\u00e7\u00f5es na gravidez, e a terceira entre meninos, depois de acidentes de tr\u00e2nsito e viol\u00eancia.<\/p>\n\n\n\n<p>A OMS estima que cerca de 800 mil pessoas morrem por suic\u00eddio por ano &#8211; os n\u00fameros do relat\u00f3rio s\u00e3o referentes a 2016. No Brasil, foram registrados 13.467 casos, a grande maioria &#8211; 10.203 &#8211; entre homens, segundo a entidade.<\/p>\n\n\n\n<p><strong>Campanha<\/strong><\/p>\n\n\n\n<p>Foram gravados v\u00eddeos, com atrizes e atletas, para alertar sobre sinais que possam indicar sofrimento severo.<\/p>\n\n\n\n<p>Participam da campanha as atrizes Luiza Brunet e Regina Duarte, al\u00e9m do velejador Lars Grael e do t\u00e9cnico de v\u00f4lei Bernardinho. Todos participaram de forma volunt\u00e1ria.<\/p>\n\n\n\n<p>Na pe\u00e7a, Bernardinho alerta que quem se automutila n\u00e3o est\u00e1 \u201cquerendo de aten\u00e7\u00e3o\u201d. \u201cPode ser sinal de uma dor profunda\u201d, afirma.<\/p>\n\n\n\n<p>O v\u00eddeo encerra com o slogan da campanha; \u201cSe envolva, ame, abrace, acolha a vida\u201d.<\/p>\n\n\n\n<p>A campanha ser\u00e1 iniciada nesta ter\u00e7a-feira, 10, no Audit\u00f3rio Nereu Ramos da C\u00e2mara dos Deputados. Os quatro foram convidados a participar da solenidade, organizada pela ministra Damares Alves em parceria com a Frente Parlamentar de Combate ao Suic\u00eddio e Automutila\u00e7\u00e3o.<\/p>\n\n\n\n<p>Assista:<\/p>\n\n\n\n<figure class=\"wp-block-embed-youtube wp-block-embed is-type-video is-provider-youtube wp-embed-aspect-16-9 wp-has-aspect-ratio\"><div class=\"wp-block-embed__wrapper\">\n<iframe loading=\"lazy\" title=\"Governo grava v\u00eddeo com atrizes e atletas para alertar sobre suic\u00eddio de jovens\" width=\"630\" height=\"354\" src=\"https:\/\/www.youtube.com\/embed\/b5n5InkAfMU?feature=oembed\" frameborder=\"0\" allow=\"accelerometer; autoplay; encrypted-media; gyroscope; picture-in-picture\" allowfullscreen><\/iframe>\n<\/div><\/figure>\n","protected":false},"excerpt":{"rendered":"<p>O Minist\u00e9rio da Mulher, da Fam\u00edlia e dos Direitos Humanos, comandado por&nbsp;Damares Alves, acaba de lan\u00e7ar nesta ter\u00e7a-feira (10) campanha de combate ao suic\u00eddio e \u00e0 automutila\u00e7\u00e3o de crian\u00e7as e jovens. Damares escreveu em seu perfil no Twitter que \u201cnossa campanha #AcolhaaVida est\u00e1 linda. Agrade\u00e7o ao Bernardinho, ao Lars Grael, \u00e0 Regina Duarte e \u00e0 [&hellip;]<\/p>\n","protected":false},"author":2,"featured_media":3980,"comment_status":"open","ping_status":"open","sticky":false,"template":"","format":"standard","meta":[],"categories":[6,4],"tags":[],"_links":{"self":[{"href":"https:\/\/dgospel.com.br\/portal\/index.php\/wp-json\/wp\/v2\/posts\/3979"}],"collection":[{"href":"https:\/\/dgospel.com.br\/portal\/index.php\/wp-json\/wp\/v2\/posts"}],"about":[{"href":"https:\/\/dgospel.com.br\/portal\/index.php\/wp-json\/wp\/v2\/types\/post"}],"author":[{"embeddable":true,"href":"https:\/\/dgospel.com.br\/portal\/index.php\/wp-json\/wp\/v2\/users\/2"}],"replies":[{"embeddable":true,"href":"https:\/\/dgospel.com.br\/portal\/index.php\/wp-json\/wp\/v2\/comments?post=3979"}],"version-history":[{"count":1,"href":"https:\/\/dgospel.com.br\/portal\/index.php\/wp-json\/wp\/v2\/posts\/3979\/revisions"}],"predecessor-version":[{"id":3981,"href":"https:\/\/dgospel.com.br\/portal\/index.php\/wp-json\/wp\/v2\/posts\/3979\/revisions\/3981"}],"wp:featuredmedia":[{"embeddable":true,"href":"https:\/\/dgospel.com.br\/portal\/index.php\/wp-json\/wp\/v2\/media\/3980"}],"wp:attachment":[{"href":"https:\/\/dgospel.com.br\/portal\/index.php\/wp-json\/wp\/v2\/media?parent=3979"}],"wp:term":[{"taxonomy":"category","embeddable":true,"href":"https:\/\/dgospel.com.br\/portal\/index.php\/wp-json\/wp\/v2\/categories?post=3979"},{"taxonomy":"post_tag","embeddable":true,"href":"https:\/\/dgospel.com.br\/portal\/index.php\/wp-json\/wp\/v2\/tags?post=3979"}],"curies":[{"name":"wp","href":"https:\/\/api.w.org\/{rel}","templated":true}]}}