{"id":398,"date":"2018-05-29T09:30:42","date_gmt":"2018-05-29T12:30:42","guid":{"rendered":"http:\/\/dgospel.com.br\/portal\/?p=398"},"modified":"2018-05-29T09:30:42","modified_gmt":"2018-05-29T12:30:42","slug":"tse-confirma-candidatura-de-mauro-carlesse-ao-governo-do-estado","status":"publish","type":"post","link":"https:\/\/dgospel.com.br\/portal\/index.php\/2018\/05\/29\/tse-confirma-candidatura-de-mauro-carlesse-ao-governo-do-estado\/","title":{"rendered":"TSE confirma candidatura de Mauro Carlesse ao Governo do Estado"},"content":{"rendered":"<p>O ministro<strong>\u00a0<\/strong>Tarc\u00edsio Vieira de Carvalho Neto negou seguimento ao recurso da candidata ao governo K\u00e1tia Abreu, contra a o registro da candidatura de Mauro Carlesse nesta elei\u00e7\u00e3o suplementar. A decis\u00e3o publicada no in\u00edcio da noite desta segunda-feira, 28, encerra o processo e n\u00e3o ir\u00e1 nem a julgamento pelo plen\u00e1rio. Com isso, a candidatura de Mauro Carlesse ao Governo do Estado n\u00e3o det\u00e9m mais nenhum questionamento e est\u00e1 confirmada pelo TSE.<\/p>\n<p>O Magistrado ainda citou que o pr\u00f3prio TRE j\u00e1 havia declarado que o registro de candidatura de Mauro Carlesse s\u00f3 foi realizado ap\u00f3s as 19 horas, em virtude do ac\u00famulo de registros de candidatos sendo realizados ao mesmo tempo no Tribunal. No entanto, os advogados j\u00e1 estavam munidos de senha, adquiridas junto ao TRE, dentro do hor\u00e1rio determinado pela Justi\u00e7a Eleitoral.<\/p>\n<p>A argumenta\u00e7\u00e3o da coliga\u00e7\u00e3o de K\u00e1tia Abreu, era de que Mauro Carlesse teria solicitado o registro de sua candidatura fora do hor\u00e1rio determinado pela Justi\u00e7a Eleitoral, tese que j\u00e1 havia sido derrotada no TRE-TO.<\/p>\n<p>A Procuradoria-Geral Eleitoral j\u00e1 havia publicado parecer em que opinava pela rejei\u00e7\u00e3o do recurso de K\u00e1tia Abreu.<\/p>\n<p>&nbsp;<\/p>\n","protected":false},"excerpt":{"rendered":"<p>O ministro\u00a0Tarc\u00edsio Vieira de Carvalho Neto negou seguimento ao recurso da candidata ao governo K\u00e1tia Abreu, contra a o registro da candidatura de Mauro Carlesse nesta elei\u00e7\u00e3o suplementar. A decis\u00e3o publicada no in\u00edcio da noite desta segunda-feira, 28, encerra o processo e n\u00e3o ir\u00e1 nem a julgamento pelo plen\u00e1rio. Com isso, a candidatura de Mauro [&hellip;]<\/p>\n","protected":false},"author":2,"featured_media":399,"comment_status":"open","ping_status":"open","sticky":false,"template":"","format":"standard","meta":[],"categories":[2,4],"tags":[],"_links":{"self":[{"href":"https:\/\/dgospel.com.br\/portal\/index.php\/wp-json\/wp\/v2\/posts\/398"}],"collection":[{"href":"https:\/\/dgospel.com.br\/portal\/index.php\/wp-json\/wp\/v2\/posts"}],"about":[{"href":"https:\/\/dgospel.com.br\/portal\/index.php\/wp-json\/wp\/v2\/types\/post"}],"author":[{"embeddable":true,"href":"https:\/\/dgospel.com.br\/portal\/index.php\/wp-json\/wp\/v2\/users\/2"}],"replies":[{"embeddable":true,"href":"https:\/\/dgospel.com.br\/portal\/index.php\/wp-json\/wp\/v2\/comments?post=398"}],"version-history":[{"count":1,"href":"https:\/\/dgospel.com.br\/portal\/index.php\/wp-json\/wp\/v2\/posts\/398\/revisions"}],"predecessor-version":[{"id":400,"href":"https:\/\/dgospel.com.br\/portal\/index.php\/wp-json\/wp\/v2\/posts\/398\/revisions\/400"}],"wp:featuredmedia":[{"embeddable":true,"href":"https:\/\/dgospel.com.br\/portal\/index.php\/wp-json\/wp\/v2\/media\/399"}],"wp:attachment":[{"href":"https:\/\/dgospel.com.br\/portal\/index.php\/wp-json\/wp\/v2\/media?parent=398"}],"wp:term":[{"taxonomy":"category","embeddable":true,"href":"https:\/\/dgospel.com.br\/portal\/index.php\/wp-json\/wp\/v2\/categories?post=398"},{"taxonomy":"post_tag","embeddable":true,"href":"https:\/\/dgospel.com.br\/portal\/index.php\/wp-json\/wp\/v2\/tags?post=398"}],"curies":[{"name":"wp","href":"https:\/\/api.w.org\/{rel}","templated":true}]}}